{"id":475,"date":"2015-03-28T08:28:48","date_gmt":"2015-03-28T07:28:48","guid":{"rendered":"http:\/\/clubcorvette.se\/syd\/?p=475"},"modified":"2015-03-28T18:48:51","modified_gmt":"2015-03-28T17:48:51","slug":"distrikt-syd-besoker-autofab-cobrabyggaren-21-mars-2015","status":"publish","type":"post","link":"https:\/\/clubcorvette.se\/syd\/distrikt-syd-besoker-autofab-cobrabyggaren-21-mars-2015\/","title":{"rendered":"Distrikt syd bes\u00f6ker Autofab (cobrabyggaren) 21 mars 2015"},"content":{"rendered":"<p>&nbsp;<\/p>\n<p><strong><a href=\"https:\/\/clubcorvette.se\/syd\/wp-content\/uploads\/sites\/5\/2015\/03\/Autofab-Logga1-842x364.png\"><img loading=\"lazy\" decoding=\"async\" class=\"alignnone size-medium wp-image-474\" src=\"https:\/\/clubcorvette.se\/syd\/wp-content\/uploads\/sites\/5\/2015\/03\/Autofab-Logga1-842x364-300x130.png\" alt=\"Autofab-Logga1-842x364\" width=\"300\" height=\"130\" srcset=\"https:\/\/clubcorvette.se\/syd\/wp-content\/uploads\/sites\/5\/2015\/03\/Autofab-Logga1-842x364-300x130.png 300w, https:\/\/clubcorvette.se\/syd\/wp-content\/uploads\/sites\/5\/2015\/03\/Autofab-Logga1-842x364.png 842w\" sizes=\"auto, (max-width: 300px) 100vw, 300px\" \/><\/a>\u00a0\u00a0\u00a0\u00a0\u00a0\u00a0\u00a0\u00a0\u00a0\u00a0\u00a0\u00a0\u00a0\u00a0 <\/strong><\/p>\n<p><strong>L\u00f6rdagen den 21 mars bes\u00f6kte distrikt syd Rickard Kulle, en sann motorentusiast som startade f\u00f6retaget\u00a0Autofab med m\u00e5ls\u00e4ttningen att ta fram det b\u00e4sta Cobra-kitet f\u00f6r den svenska marknaden.<\/strong><\/p>\n<p><em>Rickard Kulle s\u00e4ger sj\u00e4lv s\u00e5 h\u00e4r om f\u00f6retaget:<\/em> Jag \u00e4r sj\u00e4lv bilintresserad och d\u00e5 \u00e4r det f\u00f6rst och fr\u00e4mst Ac Cobra 427 S\/C som jag gillar. Designen p\u00e5 karossen \u00e4r klassisk och fast den har 50 \u00e5r p\u00e5 nacken s\u00e5 l\u00e4mnar den ingen ober\u00f6rd, den kommer aldrig att bli omodern.<\/p>\n<section class=\"av_textblock_section\">\n<div class=\"avia_textblock \">\n<p>Vi anv\u00e4nder oss av karosser av h\u00f6gsta kvalit\u00e9 med golv, torpedv\u00e4gg, kardantunnel, innersk\u00e4rmar, golv i bagageutrymme, f\u00e4rdiga f\u00e4sten f\u00f6r vindruta och g\u00e5ngj\u00e4rn till d\u00f6rrarna. Fast dom kostar det dubbla j\u00e4mf\u00f6rt med ett tomt skal s\u00e5 \u00e4r det v\u00e4rt att l\u00e4gga dom pengarna. Ett tomt skal kr\u00e4ver enormt mycket mer arbete med att h\u00e4nga d\u00f6rrar, tillverka golv, torpedv\u00e4gg och f\u00f6rst\u00e4rka upp hela karossen.<\/p>\n<p>Eftersom att karossen kr\u00e4ver minimalt med jobb s\u00e5 kommer det att g\u00e5 betydligt snabbare att bygga bilen. N\u00e4r jag skulle bygga en Cobra\u00a0 igen s\u00e5 fanns det inget kit som passade mig. Alla som finns sen innan i Sverige gjuter sina karosser sj\u00e4lv och kr\u00e4ver mycket jobb att f\u00e4rdigst\u00e4lla. Jag f\u00f6respr\u00e5kar att anv\u00e4nda Chevrolet Corvette C4 komponenter f\u00f6r dom \u00e4r byggda f\u00f6r att kunna klara kraften och vridet fr\u00e5n en V8:a. Det \u00e4r moderna komponenter och det mesta tillverkat i aluminium, vilket h\u00e5ller vikten nere.<\/p>\n<p>Till denna karossen finns det mesta att k\u00f6pa f\u00e4rdigt f\u00f6r dom som vill det vilket kan vara tryggt f\u00f6r dom som inte vill eller kan bygga allt sj\u00e4lv. \u00c4ven allt till chassit finns att f\u00e5 tillverkat klart vid leverans om man vill ha det s\u00e5, vilket kan vara en f\u00f6rdel om man inte vill eller kan svetsa sj\u00e4lv.<\/p>\n<div class=\"clearfix\"><\/div><div class=\"gallery-wrapper\"><div class=\"preloader\"><\/div><div class=\"row\"><div class=\"col-xs-6 col-md-4\"><div class=\"img-item\"><a data-gallery=\"\" data-description=\" Hans Hedin h\u00e4lsar v\u00e4lkommen och ber\u00e4ttar om dagens inneh\u00e5l \" href=\"https:\/\/clubcorvette.se\/syd\/wp-content\/uploads\/sites\/5\/2015\/03\/IMG_1887-960x640.jpg\">\n<img loading=\"lazy\" decoding=\"async\" data-toggle=\"tooltip\" data-placement=\"bottom\" title=\"Hans Hedin h\u00e4lsar v\u00e4lkommen och ber\u00e4ttar om dagens inneh\u00e5l\" src=\"https:\/\/clubcorvette.se\/syd\/wp-content\/uploads\/sites\/5\/2015\/03\/IMG_1887-300x200.jpg\" width=\"300\" height=\"200\" alt=\"\" \/>\n<\/a><\/div>\n<\/div>\n<div class=\"col-xs-6 col-md-4\"><div class=\"img-item\"><a data-gallery=\"\" data-description=\" Det minglas, snackas och tittas under huven, p\u00e5 lacken m.m. \" href=\"https:\/\/clubcorvette.se\/syd\/wp-content\/uploads\/sites\/5\/2015\/03\/IMG_1891-960x640.jpg\">\n<img loading=\"lazy\" decoding=\"async\" data-toggle=\"tooltip\" data-placement=\"bottom\" title=\"Det minglas, snackas och tittas under huven, p\u00e5 lacken m.m.\" src=\"https:\/\/clubcorvette.se\/syd\/wp-content\/uploads\/sites\/5\/2015\/03\/IMG_1891-300x200.jpg\" width=\"300\" height=\"200\" alt=\"\" \/>\n<\/a><\/div>\n<\/div>\n<div class=\"col-xs-6 col-md-4\"><div class=\"img-item\"><a data-gallery=\"\" data-description=\" Claes ber\u00e4ttar r\u00f6varhistorier f\u00f6r Inga-Lill och Anki \" href=\"https:\/\/clubcorvette.se\/syd\/wp-content\/uploads\/sites\/5\/2015\/03\/IMG_1893-960x640.jpg\">\n<img loading=\"lazy\" decoding=\"async\" data-toggle=\"tooltip\" data-placement=\"bottom\" title=\"Claes ber\u00e4ttar r\u00f6varhistorier f\u00f6r Inga-Lill och Anki\" src=\"https:\/\/clubcorvette.se\/syd\/wp-content\/uploads\/sites\/5\/2015\/03\/IMG_1893-300x200.jpg\" width=\"300\" height=\"200\" alt=\"\" \/>\n<\/a><\/div>\n<\/div>\n<\/div><div class=\"row\"><div class=\"col-xs-6 col-md-4\"><div class=\"img-item\"><a data-gallery=\"\" data-description=\" Ronny, Ingvar och Sven-Erik har en intressant dikussion m\u00e5h\u00e4nda handlar det om cobror \" href=\"https:\/\/clubcorvette.se\/syd\/wp-content\/uploads\/sites\/5\/2015\/03\/IMG_1894-960x640.jpg\">\n<img loading=\"lazy\" decoding=\"async\" data-toggle=\"tooltip\" data-placement=\"bottom\" title=\"Ronny, Ingvar och Sven-Erik har en intressant dikussion m\u00e5h\u00e4nda handlar det om cobror\" src=\"https:\/\/clubcorvette.se\/syd\/wp-content\/uploads\/sites\/5\/2015\/03\/IMG_1894-300x200.jpg\" width=\"300\" height=\"200\" alt=\"\" \/>\n<\/a><\/div>\n<\/div>\n<div class=\"col-xs-6 col-md-4\"><div class=\"img-item\"><a data-gallery=\"\" data-description=\" Rickard Kulle ber\u00e4ttar om f\u00f6retaget och f\u00f6retagsfilosofin \" href=\"https:\/\/clubcorvette.se\/syd\/wp-content\/uploads\/sites\/5\/2015\/03\/IMG_1897-960x640.jpg\">\n<img loading=\"lazy\" decoding=\"async\" data-toggle=\"tooltip\" data-placement=\"bottom\" title=\"Rickard Kulle ber\u00e4ttar om f\u00f6retaget och f\u00f6retagsfilosofin\" src=\"https:\/\/clubcorvette.se\/syd\/wp-content\/uploads\/sites\/5\/2015\/03\/IMG_1897-300x200.jpg\" width=\"300\" height=\"200\" alt=\"\" \/>\n<\/a><\/div>\n<\/div>\n<div class=\"col-xs-6 col-md-4\"><div class=\"img-item\"><a data-gallery=\"\" data-description=\" Den st\u00f6rsta produktionen handlar om att leverera ramar till sj\u00e4lvbyggare \" href=\"https:\/\/clubcorvette.se\/syd\/wp-content\/uploads\/sites\/5\/2015\/03\/IMG_1901-960x640.jpg\">\n<img loading=\"lazy\" decoding=\"async\" data-toggle=\"tooltip\" data-placement=\"bottom\" title=\"Den st\u00f6rsta produktionen handlar om att leverera ramar till sj\u00e4lvbyggare\" src=\"https:\/\/clubcorvette.se\/syd\/wp-content\/uploads\/sites\/5\/2015\/03\/IMG_1901-300x200.jpg\" width=\"300\" height=\"200\" alt=\"\" \/>\n<\/a><\/div>\n<\/div>\n<\/div><div class=\"row\"><div class=\"col-xs-6 col-md-4\"><div class=\"img-item\"><a data-gallery=\"\" data-description=\" \u00c4ven kvinnorna tyckte cobran var en vacker bil, h\u00e4r bes\u00f6k fr\u00e5n V\u00e4xj\u00f6 \" href=\"https:\/\/clubcorvette.se\/syd\/wp-content\/uploads\/sites\/5\/2015\/03\/IMG_1916-960x640.jpg\">\n<img loading=\"lazy\" decoding=\"async\" data-toggle=\"tooltip\" data-placement=\"bottom\" title=\"\u00c4ven kvinnorna tyckte cobran var en vacker bil, h\u00e4r bes\u00f6k fr\u00e5n V\u00e4xj\u00f6\" src=\"https:\/\/clubcorvette.se\/syd\/wp-content\/uploads\/sites\/5\/2015\/03\/IMG_1916-300x200.jpg\" width=\"300\" height=\"200\" alt=\"\" \/>\n<\/a><\/div>\n<\/div>\n<div class=\"col-xs-6 col-md-4\"><div class=\"img-item\"><a data-gallery=\"\" data-description=\" En Cobra med cabbe skapar nyfikenhet \" href=\"https:\/\/clubcorvette.se\/syd\/wp-content\/uploads\/sites\/5\/2015\/03\/IMG_1917-960x640.jpg\">\n<img loading=\"lazy\" decoding=\"async\" data-toggle=\"tooltip\" data-placement=\"bottom\" title=\"En Cobra med cabbe skapar nyfikenhet\" src=\"https:\/\/clubcorvette.se\/syd\/wp-content\/uploads\/sites\/5\/2015\/03\/IMG_1917-300x200.jpg\" width=\"300\" height=\"200\" alt=\"\" \/>\n<\/a><\/div>\n<\/div>\n<div class=\"col-xs-6 col-md-4\"><div class=\"img-item\"><a data-gallery=\"\" data-description=\" N\u00e5gra pratar Cobra och n\u00e5gra pratar ny hemsida i smartphonen \" href=\"https:\/\/clubcorvette.se\/syd\/wp-content\/uploads\/sites\/5\/2015\/03\/IMG_1918-960x640.jpg\">\n<img loading=\"lazy\" decoding=\"async\" data-toggle=\"tooltip\" data-placement=\"bottom\" title=\"N\u00e5gra pratar Cobra och n\u00e5gra pratar ny hemsida i smartphonen\" src=\"https:\/\/clubcorvette.se\/syd\/wp-content\/uploads\/sites\/5\/2015\/03\/IMG_1918-300x200.jpg\" width=\"300\" height=\"200\" alt=\"\" \/>\n<\/a><\/div>\n<\/div>\n<\/div><div class=\"row\"><div class=\"col-xs-6 col-md-4\"><div class=\"img-item\"><a data-gallery=\"\" data-description=\" Gunnel, Morgan och Claes i intensiv diskussion \" href=\"https:\/\/clubcorvette.se\/syd\/wp-content\/uploads\/sites\/5\/2015\/03\/IMG_1920-960x640.jpg\">\n<img loading=\"lazy\" decoding=\"async\" data-toggle=\"tooltip\" data-placement=\"bottom\" title=\"Gunnel, Morgan och Claes i intensiv diskussion\" src=\"https:\/\/clubcorvette.se\/syd\/wp-content\/uploads\/sites\/5\/2015\/03\/IMG_1920-300x200.jpg\" width=\"300\" height=\"200\" alt=\"\" \/>\n<\/a><\/div>\n<\/div>\n<div class=\"col-xs-6 col-md-4\"><div class=\"img-item\"><a data-gallery=\"\" data-description=\" Fin under huven \" href=\"https:\/\/clubcorvette.se\/syd\/wp-content\/uploads\/sites\/5\/2015\/03\/IMG_1922-960x640.jpg\">\n<img loading=\"lazy\" decoding=\"async\" data-toggle=\"tooltip\" data-placement=\"bottom\" title=\"Fin under huven\" src=\"https:\/\/clubcorvette.se\/syd\/wp-content\/uploads\/sites\/5\/2015\/03\/IMG_1922-300x200.jpg\" width=\"300\" height=\"200\" alt=\"\" \/>\n<\/a><\/div>\n<\/div>\n<div class=\"col-xs-6 col-md-4\"><div class=\"img-item\"><a data-gallery=\"\" data-description=\" Inte helt fel en varm sommardag \" href=\"https:\/\/clubcorvette.se\/syd\/wp-content\/uploads\/sites\/5\/2015\/03\/autofab-960x600.jpg\">\n<img loading=\"lazy\" decoding=\"async\" data-toggle=\"tooltip\" data-placement=\"bottom\" title=\"Inte helt fel en varm sommardag\" src=\"https:\/\/clubcorvette.se\/syd\/wp-content\/uploads\/sites\/5\/2015\/03\/autofab-300x200.jpg\" width=\"300\" height=\"200\" alt=\"\" \/>\n<\/a><\/div>\n<\/div>\n<\/div><div class=\"row\"><\/div>\n<\/div>\n\n<p>Vi som deltog tackar Rickard Kulle f\u00f6r att vi fick bes\u00f6ka honom och vi tackar Hans och Claes som fixade det praktiskt.<\/p>\n<\/div>\n<\/section>\n","protected":false},"excerpt":{"rendered":"<p>&nbsp; \u00a0\u00a0\u00a0\u00a0\u00a0\u00a0\u00a0\u00a0\u00a0\u00a0\u00a0\u00a0\u00a0\u00a0 L\u00f6rdagen den 21 mars bes\u00f6kte distrikt syd Rickard Kulle, en sann motorentusiast som startade f\u00f6retaget\u00a0Autofab med m\u00e5ls\u00e4ttningen att ta fram det b\u00e4sta Cobra-kitet f\u00f6r den svenska marknaden. Rickard Kulle s\u00e4ger sj\u00e4lv s\u00e5 h\u00e4r om f\u00f6retaget: Jag \u00e4r sj\u00e4lv bilintresserad och d\u00e5 \u00e4r det f\u00f6rst och fr\u00e4mst Ac Cobra 427 S\/C som jag gillar. [&hellip;]<\/p>\n","protected":false},"author":34,"featured_media":473,"comment_status":"open","ping_status":"closed","sticky":false,"template":"","format":"standard","meta":{"_acf_changed":false,"footnotes":""},"categories":[6,2],"tags":[],"class_list":["post-475","post","type-post","status-publish","format-standard","has-post-thumbnail","hentry","category-reportage","category-syd"],"acf":[],"_links":{"self":[{"href":"https:\/\/clubcorvette.se\/syd\/wp-json\/wp\/v2\/posts\/475","targetHints":{"allow":["GET"]}}],"collection":[{"href":"https:\/\/clubcorvette.se\/syd\/wp-json\/wp\/v2\/posts"}],"about":[{"href":"https:\/\/clubcorvette.se\/syd\/wp-json\/wp\/v2\/types\/post"}],"author":[{"embeddable":true,"href":"https:\/\/clubcorvette.se\/syd\/wp-json\/wp\/v2\/users\/34"}],"replies":[{"embeddable":true,"href":"https:\/\/clubcorvette.se\/syd\/wp-json\/wp\/v2\/comments?post=475"}],"version-history":[{"count":5,"href":"https:\/\/clubcorvette.se\/syd\/wp-json\/wp\/v2\/posts\/475\/revisions"}],"predecessor-version":[{"id":480,"href":"https:\/\/clubcorvette.se\/syd\/wp-json\/wp\/v2\/posts\/475\/revisions\/480"}],"wp:featuredmedia":[{"embeddable":true,"href":"https:\/\/clubcorvette.se\/syd\/wp-json\/wp\/v2\/media\/473"}],"wp:attachment":[{"href":"https:\/\/clubcorvette.se\/syd\/wp-json\/wp\/v2\/media?parent=475"}],"wp:term":[{"taxonomy":"category","embeddable":true,"href":"https:\/\/clubcorvette.se\/syd\/wp-json\/wp\/v2\/categories?post=475"},{"taxonomy":"post_tag","embeddable":true,"href":"https:\/\/clubcorvette.se\/syd\/wp-json\/wp\/v2\/tags?post=475"}],"curies":[{"name":"wp","href":"https:\/\/api.w.org\/{rel}","templated":true}]}}