{"id":3833,"date":"2025-03-26T15:17:13","date_gmt":"2025-03-26T14:17:13","guid":{"rendered":"https:\/\/clubcorvette.se\/syd\/?p=3833"},"modified":"2025-03-26T15:19:42","modified_gmt":"2025-03-26T14:19:42","slug":"forsasongstraff-hos-v8-garage-ahus-den-22-mars-2025","status":"publish","type":"post","link":"https:\/\/clubcorvette.se\/syd\/forsasongstraff-hos-v8-garage-ahus-den-22-mars-2025\/","title":{"rendered":"F\u00f6rs\u00e4songstr\u00e4ff hos V8-Garage \u00c5hus den 22 mars 2025"},"content":{"rendered":"<p><span style=\"font-weight: 400\">Tr\u00e4ffen startade kl 12.00 men redan kl 11.30 b\u00f6rjade medlemmar anl\u00e4nda b\u00e5de fr\u00e5n Sk\u00e5ne och n\u00e4rliggande l\u00e4n. Vi inledde dagen med att servera korv med br\u00f6d. Strax efter kl 12.00 samlades vi p\u00e5<a href=\"https:\/\/clubcorvette.se\/syd\/wp-content\/uploads\/sites\/5\/2025\/03\/483190958_1319913035954024_3108687127524736335_n.jpg\"><img loading=\"lazy\" decoding=\"async\" class=\"size-medium wp-image-3834 alignright\" src=\"https:\/\/clubcorvette.se\/syd\/wp-content\/uploads\/sites\/5\/2025\/03\/483190958_1319913035954024_3108687127524736335_n-300x225.jpg\" alt=\"\" width=\"300\" height=\"225\" srcset=\"https:\/\/clubcorvette.se\/syd\/wp-content\/uploads\/sites\/5\/2025\/03\/483190958_1319913035954024_3108687127524736335_n-300x225.jpg 300w, https:\/\/clubcorvette.se\/syd\/wp-content\/uploads\/sites\/5\/2025\/03\/483190958_1319913035954024_3108687127524736335_n-768x576.jpg 768w, https:\/\/clubcorvette.se\/syd\/wp-content\/uploads\/sites\/5\/2025\/03\/483190958_1319913035954024_3108687127524736335_n.jpg 828w\" sizes=\"auto, (max-width: 300px) 100vw, 300px\" \/><\/a> \u201dbalkongen\u201d i fiket som \u00e4r inrett i b\u00e4sta retrostil. Fantastiskt fint och fr\u00e4scht! Totalt var vi cirka 60 personer.<\/span><\/p>\n<p><span style=\"font-weight: 400\">Robert Kempner och Gert Sternskog h\u00e4lsade v\u00e4lkomna. Robert ber\u00e4ttade om den Dodge Challenger som skulle visats denna dag men som inte levererats. Vi hoppas f\u00e5 se denna vid ett senare tillf\u00e4lle.<\/span><\/p>\n<p><span style=\"font-weight: 400\">Kenneth Dahlgren pratade om Distrikt Syds kalendarium. H\u00e5ll koll p\u00e5 hemsidan!\u00a0<\/span><\/p>\n<p><span style=\"font-weight: 400\">Det som \u00e4r nytt f\u00f6r 2025 \u00e4r vi har planerat och arrangerat en v\u00e5ruppstart vid Bosj\u00f6kloster. Tanken \u00e4r att vi h\u00e4refter ska \u00e5terkomma till samma plats vid samma tidpunkt varje \u00e5r.\u00a0<\/span><\/p>\n<p><span style=\"font-weight: 400\">Kenneth B\u00f6ttern \u00e4r\u00a0 racinganvarig i Distrikt Syd. Kenneth ber\u00e4ttade om de \u201dbanaktiviteter\u201d som \u00e4r planerade. Ljungbyhed ligger p\u00e5 hemsidan och \u00e4r \u00f6ppet f\u00f6r anm\u00e4lan.<\/span><\/p>\n<p><span style=\"font-weight: 400\">Allan Holmlund fr\u00e5n Dreamfactory var med och hade en fin C3 med sig. Allan drog historik kring bilen. Slutligen ber\u00e4ttade han om den USA-resa han gjorde under b\u00f6rjan av \u00e5ret som var \u201dkantad\u201d<a href=\"https:\/\/clubcorvette.se\/syd\/wp-content\/uploads\/sites\/5\/2025\/03\/484933583_733284112563917_1483162915269240719_n.jpg\"><img loading=\"lazy\" decoding=\"async\" class=\"size-medium wp-image-3835 alignright\" src=\"https:\/\/clubcorvette.se\/syd\/wp-content\/uploads\/sites\/5\/2025\/03\/484933583_733284112563917_1483162915269240719_n-300x225.jpg\" alt=\"\" width=\"300\" height=\"225\" srcset=\"https:\/\/clubcorvette.se\/syd\/wp-content\/uploads\/sites\/5\/2025\/03\/484933583_733284112563917_1483162915269240719_n-300x225.jpg 300w, https:\/\/clubcorvette.se\/syd\/wp-content\/uploads\/sites\/5\/2025\/03\/484933583_733284112563917_1483162915269240719_n-768x576.jpg 768w, https:\/\/clubcorvette.se\/syd\/wp-content\/uploads\/sites\/5\/2025\/03\/484933583_733284112563917_1483162915269240719_n.jpg 828w\" sizes=\"auto, (max-width: 300px) 100vw, 300px\" \/><\/a> av biltr\u00e4ffar, bilauktioner, swapmeets med mera. En mycket intressant resa.<\/span><\/p>\n<p><span style=\"font-weight: 400\">Dagen avslutades med att vi fr\u00e5n Corvetteklubben tackade f\u00f6r oss och f\u00f6r att vi hade f\u00f6rm\u00e5nen att ha v\u00e5rt \u201df\u00f6rs\u00e4songsm\u00f6te\u201d hos V8-Garage. Det blev en mycket bra och trevlig dag. Vi hoppas att klubben fram\u00f6ver kan \u00e5terkomma och genomf\u00f6ra fler tr\u00e4ffar i lokalerna.<\/span><\/p>\n<p>&nbsp;<\/p>\n<p><span style=\"font-weight: 400\">Gert Sternskog<a href=\"https:\/\/clubcorvette.se\/syd\/wp-content\/uploads\/sites\/5\/2025\/03\/485126101_9970725672960858_5834889568459842362_n.jpg\"><img loading=\"lazy\" decoding=\"async\" class=\"size-medium wp-image-3837 alignright\" src=\"https:\/\/clubcorvette.se\/syd\/wp-content\/uploads\/sites\/5\/2025\/03\/485126101_9970725672960858_5834889568459842362_n-300x225.jpg\" alt=\"\" width=\"300\" height=\"225\" srcset=\"https:\/\/clubcorvette.se\/syd\/wp-content\/uploads\/sites\/5\/2025\/03\/485126101_9970725672960858_5834889568459842362_n-300x225.jpg 300w, https:\/\/clubcorvette.se\/syd\/wp-content\/uploads\/sites\/5\/2025\/03\/485126101_9970725672960858_5834889568459842362_n-768x576.jpg 768w, https:\/\/clubcorvette.se\/syd\/wp-content\/uploads\/sites\/5\/2025\/03\/485126101_9970725672960858_5834889568459842362_n.jpg 828w\" sizes=\"auto, (max-width: 300px) 100vw, 300px\" \/><\/a><a href=\"https:\/\/clubcorvette.se\/syd\/wp-content\/uploads\/sites\/5\/2025\/03\/486226924_1179864823538869_7482770217638543300_n.jpg\"><img loading=\"lazy\" decoding=\"async\" class=\"size-medium wp-image-3836 aligncenter\" src=\"https:\/\/clubcorvette.se\/syd\/wp-content\/uploads\/sites\/5\/2025\/03\/486226924_1179864823538869_7482770217638543300_n-300x225.jpg\" alt=\"\" width=\"300\" height=\"225\" srcset=\"https:\/\/clubcorvette.se\/syd\/wp-content\/uploads\/sites\/5\/2025\/03\/486226924_1179864823538869_7482770217638543300_n-300x225.jpg 300w, https:\/\/clubcorvette.se\/syd\/wp-content\/uploads\/sites\/5\/2025\/03\/486226924_1179864823538869_7482770217638543300_n-768x576.jpg 768w, https:\/\/clubcorvette.se\/syd\/wp-content\/uploads\/sites\/5\/2025\/03\/486226924_1179864823538869_7482770217638543300_n.jpg 828w\" sizes=\"auto, (max-width: 300px) 100vw, 300px\" \/><\/a><\/span><\/p>\n","protected":false},"excerpt":{"rendered":"<p>Tr\u00e4ffen startade kl 12.00 men redan kl 11.30 b\u00f6rjade medlemmar anl\u00e4nda b\u00e5de fr\u00e5n Sk\u00e5ne och n\u00e4rliggande l\u00e4n. Vi inledde dagen med att servera korv med br\u00f6d. Strax efter kl 12.00 samlades vi p\u00e5 \u201dbalkongen\u201d i fiket som \u00e4r inrett i b\u00e4sta retrostil. Fantastiskt fint och fr\u00e4scht! Totalt var vi cirka 60 personer. Robert Kempner och [&hellip;]<\/p>\n","protected":false},"author":2280,"featured_media":0,"comment_status":"open","ping_status":"closed","sticky":false,"template":"","format":"standard","meta":{"_acf_changed":false,"footnotes":""},"categories":[1],"tags":[],"class_list":["post-3833","post","type-post","status-publish","format-standard","hentry","category-okategoriserade"],"acf":[],"_links":{"self":[{"href":"https:\/\/clubcorvette.se\/syd\/wp-json\/wp\/v2\/posts\/3833","targetHints":{"allow":["GET"]}}],"collection":[{"href":"https:\/\/clubcorvette.se\/syd\/wp-json\/wp\/v2\/posts"}],"about":[{"href":"https:\/\/clubcorvette.se\/syd\/wp-json\/wp\/v2\/types\/post"}],"author":[{"embeddable":true,"href":"https:\/\/clubcorvette.se\/syd\/wp-json\/wp\/v2\/users\/2280"}],"replies":[{"embeddable":true,"href":"https:\/\/clubcorvette.se\/syd\/wp-json\/wp\/v2\/comments?post=3833"}],"version-history":[{"count":3,"href":"https:\/\/clubcorvette.se\/syd\/wp-json\/wp\/v2\/posts\/3833\/revisions"}],"predecessor-version":[{"id":3839,"href":"https:\/\/clubcorvette.se\/syd\/wp-json\/wp\/v2\/posts\/3833\/revisions\/3839"}],"wp:attachment":[{"href":"https:\/\/clubcorvette.se\/syd\/wp-json\/wp\/v2\/media?parent=3833"}],"wp:term":[{"taxonomy":"category","embeddable":true,"href":"https:\/\/clubcorvette.se\/syd\/wp-json\/wp\/v2\/categories?post=3833"},{"taxonomy":"post_tag","embeddable":true,"href":"https:\/\/clubcorvette.se\/syd\/wp-json\/wp\/v2\/tags?post=3833"}],"curies":[{"name":"wp","href":"https:\/\/api.w.org\/{rel}","templated":true}]}}