{"id":3422,"date":"2023-03-30T13:22:04","date_gmt":"2023-03-30T11:22:04","guid":{"rendered":"https:\/\/clubcorvette.se\/syd\/?p=3422"},"modified":"2023-03-30T13:22:04","modified_gmt":"2023-03-30T11:22:04","slug":"forsasongstraff-hos-v8-garage-ahus-den-25-mars-2023","status":"publish","type":"post","link":"https:\/\/clubcorvette.se\/syd\/forsasongstraff-hos-v8-garage-ahus-den-25-mars-2023\/","title":{"rendered":"F\u00f6rs\u00e4songstr\u00e4ff hos V8-Garage \u00c5hus den 25 mars 2023"},"content":{"rendered":"<p><a href=\"https:\/\/clubcorvette.se\/syd\/wp-content\/uploads\/sites\/5\/2023\/01\/V8-Garage.jpg\"><img loading=\"lazy\" decoding=\"async\" class=\"alignnone size-medium wp-image-3394 aligncenter\" src=\"https:\/\/clubcorvette.se\/syd\/wp-content\/uploads\/sites\/5\/2023\/01\/V8-Garage-300x291.jpg\" alt=\"\" width=\"300\" height=\"291\" srcset=\"https:\/\/clubcorvette.se\/syd\/wp-content\/uploads\/sites\/5\/2023\/01\/V8-Garage-300x291.jpg 300w, https:\/\/clubcorvette.se\/syd\/wp-content\/uploads\/sites\/5\/2023\/01\/V8-Garage.jpg 361w\" sizes=\"auto, (max-width: 300px) 100vw, 300px\" \/><\/a><\/p>\n<p>Tr\u00e4ffen startade kl 12.00 men redan kl 11.30 b\u00f6rjade medlemmar anl\u00e4nda b\u00e5de fr\u00e5n Sk\u00e5ne och n\u00e4rliggande l\u00e4n. F\u00f6r att st\u00e4rka medlemmarna inf\u00f6r en kr\u00e4vande eftermiddag inleddes dagen med att servera korv med br\u00f6d. Strax efter kl 12.00 samlades vi p\u00e5 plan tv\u00e5 \u201dbalkongen\u201d i fiket som \u00e4r inre<a href=\"https:\/\/clubcorvette.se\/syd\/wp-content\/uploads\/sites\/5\/2023\/03\/2.-V8-Garage-23.jpg\"><img loading=\"lazy\" decoding=\"async\" class=\"size-medium wp-image-3426 alignright\" src=\"https:\/\/clubcorvette.se\/syd\/wp-content\/uploads\/sites\/5\/2023\/03\/2.-V8-Garage-23-300x225.jpg\" alt=\"\" width=\"300\" height=\"225\" srcset=\"https:\/\/clubcorvette.se\/syd\/wp-content\/uploads\/sites\/5\/2023\/03\/2.-V8-Garage-23-300x225.jpg 300w, https:\/\/clubcorvette.se\/syd\/wp-content\/uploads\/sites\/5\/2023\/03\/2.-V8-Garage-23-768x576.jpg 768w, https:\/\/clubcorvette.se\/syd\/wp-content\/uploads\/sites\/5\/2023\/03\/2.-V8-Garage-23-853x640.jpg 853w, https:\/\/clubcorvette.se\/syd\/wp-content\/uploads\/sites\/5\/2023\/03\/2.-V8-Garage-23.jpg 1024w\" sizes=\"auto, (max-width: 300px) 100vw, 300px\" \/><\/a>tt i b\u00e4sta retrostil. Fantastiskt fint och fr\u00e4scht!<\/p>\n<p>Robert Kempner drog lite historik om V8-Garage och ber\u00e4ttade ocks\u00e5 om ett p\u00e5g\u00e5ende projekt som ska premi\u00e4rvisas p\u00e5 Elmia i p\u00e5skhelgen. Mycket sp\u00e4nnande!<\/p>\n<p>Kenneth Dahlgren pratade om Distrikt Syds budget f\u00f6r 2023 samt kalendariet som kommer att fyllas p\u00e5 successivt under v\u00e5ren. H\u00e5ll koll p\u00e5 hemsidan! Kenneth presenterade \u00e4ven den \u201droadtour\u201d som kommer att genomf\u00f6ras i sommar. F\u00f6r er som \u00e4r intresserade av mer info kring denna g\u00e5r det bra att kontakta Kenneth. T\u00e4nk dock p\u00e5 att det \u00e4r br\u00e5ttom om ni vill h\u00e4nga med.<\/p>\n<p style=\"text-align: left\">Kenneth B\u00f6ttern \u00e4r ny som racinganvarig i Distrikt Syd. Han kunde dock inte vara med denna dag. Undertecknad drog lite kort de aktiviteter som \u00e4r planerade i sammanhanget f\u00f6r s\u00e4songen 2023. Kenneth kommer att kunna presentera sig vid senare tillf\u00e4lle och ni kommer troligtvis att tr\u00e4ffa honom b\u00e5de i racingsammanhang och p\u00e5 CCS:s tr\u00e4ffar under <a href=\"https:\/\/clubcorvette.se\/syd\/wp-content\/uploads\/sites\/5\/2023\/03\/1.-V8-Garage-23.jpg\"><img loading=\"lazy\" decoding=\"async\" class=\"size-medium wp-image-3425 alignright\" src=\"https:\/\/clubcorvette.se\/syd\/wp-content\/uploads\/sites\/5\/2023\/03\/1.-V8-Garage-23-300x225.jpg\" alt=\"\" width=\"300\" height=\"225\" srcset=\"https:\/\/clubcorvette.se\/syd\/wp-content\/uploads\/sites\/5\/2023\/03\/1.-V8-Garage-23-300x225.jpg 300w, https:\/\/clubcorvette.se\/syd\/wp-content\/uploads\/sites\/5\/2023\/03\/1.-V8-Garage-23-768x576.jpg 768w, https:\/\/clubcorvette.se\/syd\/wp-content\/uploads\/sites\/5\/2023\/03\/1.-V8-Garage-23-853x640.jpg 853w, https:\/\/clubcorvette.se\/syd\/wp-content\/uploads\/sites\/5\/2023\/03\/1.-V8-Garage-23.jpg 1024w\" sizes=\"auto, (max-width: 300px) 100vw, 300px\" \/><\/a>s\u00e4songen.<\/p>\n<p>Allan Holmlund fr\u00e5n Dreamfactory var med och hade en fin Bigblock C2 med sig. Allan drog historik kring bilen och gjorde \u00e4ven koppling till C3-modellen som stod intill. Allan pratade \u00e4ven om C8 med fokus p\u00e5 Z06. Slutligen ber\u00e4ttade han om den USA-resa han gjorde under f\u00f6rra \u00e5ret som var \u201dkantad\u201d av biltr\u00e4ffar, bilauktioner, swapmeets med mera. En mycket intressant resa.<\/p>\n<p>Dagen avslutades med att vi fr\u00e5n Corvetteklubben tackade f\u00f6r oss och f\u00f6r att vi hade f\u00f6rm\u00e5nen att ha v\u00e5rt \u201df\u00f6rs\u00e4songsm\u00f6te\u201d hos V8-Garage. Det blev en mycket bra och trevlig dag. Vi hoppas att klubben fram\u00f6ver kan \u00e5terkomma och genomf\u00f6ra fler tr\u00e4ffar i lokalerna.<\/p>\n<p>Gert Sternskog<\/p>\n<p><a href=\"https:\/\/clubcorvette.se\/syd\/wp-content\/uploads\/sites\/5\/2023\/01\/V8-Garage.jpg\">\u00a0<\/a><\/p>\n","protected":false},"excerpt":{"rendered":"<p>Tr\u00e4ffen startade kl 12.00 men redan kl 11.30 b\u00f6rjade medlemmar anl\u00e4nda b\u00e5de fr\u00e5n Sk\u00e5ne och n\u00e4rliggande l\u00e4n. F\u00f6r att st\u00e4rka medlemmarna inf\u00f6r en kr\u00e4vande eftermiddag inleddes dagen med att servera korv med br\u00f6d. Strax efter kl 12.00 samlades vi p\u00e5 plan tv\u00e5 \u201dbalkongen\u201d i fiket som \u00e4r inrett i b\u00e4sta retrostil. Fantastiskt fint och fr\u00e4scht! [&hellip;]<\/p>\n","protected":false},"author":2280,"featured_media":0,"comment_status":"open","ping_status":"closed","sticky":false,"template":"","format":"standard","meta":{"_acf_changed":false,"footnotes":""},"categories":[1],"tags":[],"class_list":["post-3422","post","type-post","status-publish","format-standard","hentry","category-okategoriserade"],"acf":[],"_links":{"self":[{"href":"https:\/\/clubcorvette.se\/syd\/wp-json\/wp\/v2\/posts\/3422","targetHints":{"allow":["GET"]}}],"collection":[{"href":"https:\/\/clubcorvette.se\/syd\/wp-json\/wp\/v2\/posts"}],"about":[{"href":"https:\/\/clubcorvette.se\/syd\/wp-json\/wp\/v2\/types\/post"}],"author":[{"embeddable":true,"href":"https:\/\/clubcorvette.se\/syd\/wp-json\/wp\/v2\/users\/2280"}],"replies":[{"embeddable":true,"href":"https:\/\/clubcorvette.se\/syd\/wp-json\/wp\/v2\/comments?post=3422"}],"version-history":[{"count":1,"href":"https:\/\/clubcorvette.se\/syd\/wp-json\/wp\/v2\/posts\/3422\/revisions"}],"predecessor-version":[{"id":3429,"href":"https:\/\/clubcorvette.se\/syd\/wp-json\/wp\/v2\/posts\/3422\/revisions\/3429"}],"wp:attachment":[{"href":"https:\/\/clubcorvette.se\/syd\/wp-json\/wp\/v2\/media?parent=3422"}],"wp:term":[{"taxonomy":"category","embeddable":true,"href":"https:\/\/clubcorvette.se\/syd\/wp-json\/wp\/v2\/categories?post=3422"},{"taxonomy":"post_tag","embeddable":true,"href":"https:\/\/clubcorvette.se\/syd\/wp-json\/wp\/v2\/tags?post=3422"}],"curies":[{"name":"wp","href":"https:\/\/api.w.org\/{rel}","templated":true}]}}