{"id":184,"date":"2014-09-14T22:44:34","date_gmt":"2014-09-14T20:44:34","guid":{"rendered":"http:\/\/clubcorvette.se\/ost\/?p=184"},"modified":"2015-01-24T23:18:20","modified_gmt":"2015-01-24T22:18:20","slug":"hostutflykt-med-distrikt-ost-stockholm-runt-pa-3-dagar","status":"publish","type":"post","link":"https:\/\/clubcorvette.se\/ost\/hostutflykt-med-distrikt-ost-stockholm-runt-pa-3-dagar\/","title":{"rendered":"H\u00f6stutflykt med distrikt \u00d6st: Stockholm runt p\u00e5 3 dagar"},"content":{"rendered":"<p><em><strong>Text och bild (d\u00e4r inte annat anges):<\/strong> Christer Lennartsson<\/em><br \/>\n<em><strong> Bilder p\u00e5 Corvetter som rullar p\u00e5 \u201dBulten\u201d (m\u00e4rkta JW):<\/strong> Joakim Widell<\/em><\/p>\n<p>Det \u00e4r fredag lunch den 12 september och det ligger en k\u00e4nsla av sp\u00e4nd f\u00f6rv\u00e4ntan i luften n\u00e4r vi samlas p\u00e5 Statoil i J\u00e4rna. Det \u00e4r 10 Corvetter som anl\u00e4nder och arrang\u00f6rerna Micke &amp; Lina \u00e4r redan p\u00e5 plats. Efter lite mingel p\u00e5 parkeringen g\u00e5r f\u00e4rden till Tidbloms garage i Sundbyberg. F\u00e4rden g\u00e5r via gamla S\u00f6dert\u00e4ljev\u00e4gen och f\u00e4rjan till Eker\u00f6, Drottningholms slott och Bromma. Tyv\u00e4rr \u00e4r inte Micke &amp; Lina hemma s\u00e5 att de kan bjuda p\u00e5 kaffe n\u00e4r vi passerar deras gata!<\/p>\n<p>H\u00e5kan Eriksson har \u00f6ppnat d\u00f6rrarna till Tidbloms garage och guidar oss samt svarar p\u00e5 alla t\u00e4nkbara fr\u00e5gor om Corvetter. Tack till M\u00e4lardalen som l\u00e5nade ut sin klubblokal s\u00e5 att vi fick lite fika d\u00e4r i st\u00e4llet. Tack \u00e4ven till H\u00e5kan! Vilken h\u00e4rlig start p\u00e5 resan.<\/p>\n<p>Sedan g\u00e5r f\u00e4rden via en faktiskt hyfsad fredagsrusning p\u00e5 Essingeleden och genom n\u00e5gra av de s\u00f6dra n\u00e4rf\u00f6rorterna till en h\u00e4rlig, kurvig v\u00e4g som tar oss till Dalar\u00f6 Strand Hotell. Hotellet \u00e4r vackert bel\u00e4get i Stockholms sk\u00e4rg\u00e5rd. Sk\u00f6nt att f\u00e5 checka in p\u00e5 rummet och pudra n\u00e4san inf\u00f6r kv\u00e4llens middag. Med lite roligt mingel och en rej\u00e4l hamburgare i magen slutar dagen med hum\u00f6ret i topp f\u00f6r de flesta!<\/p>\n<p>L\u00f6rdag var det avf\u00e4rd 09.15 mot Stockholm och Kakn\u00e4stornet. Vi var inte ensamma n\u00e4r vi n\u00e4rmade oss Stockholm men i alla fall ingen rusningstrafik, sk\u00f6nt! Str\u00e4ckan som Lina var lite orolig f\u00f6r (M\u00e4ster Samuelsgatan\/Hamngatan\/Nybroplan) gick alldeles utm\u00e4rkt! Inte s\u00e5 sv\u00e5rt att hitta fram med en s\u00e5 fantastisk roadbook. V\u00e4l uppe i Kakn\u00e4stornet kunde vi njuta av en bed\u00e5rande utsikt \u00f6ver v\u00e5r vackra huvudstad och solen tittade fram. \u00c4nnu en h\u00e4rlig dag l\u00e5g framf\u00f6r oss!<\/p>\n<p>Via Stockholms norra \u201dfiina\u201d f\u00f6rorter skulle vi sedan ta oss till Vaxholm. Kul att vi fick se Strandv\u00e4gen i Djursholm och dess magnifika villor, flera k\u00e4ndisar bodde h\u00e4r fantastiskt fint, somliga t o m med en egen \u00f6. Via Bogesund kom vi fram till Vaxholm, d\u00e4r det v\u00e4ntade lunch i solskenet och en stadsvandring. V\u00e5r guide Mikaela ber\u00e4ttade mycket entusiastiskt om Vaxholms historia. Vaxholm visade sig vara en mycket pittoresk sommarstad.<\/p>\n<p>F\u00e4rjan mellan Vaxholm och Rind\u00f6 v\u00e4ntade p\u00e5 oss n\u00e4r vi skulle \u00e5ka vidare. Vi passerade Rind\u00f6 p\u00e5 ca 10 minuter och tog n\u00e4sta f\u00e4rja till V\u00e4rmd\u00f6landet. Smidigt s\u00e4tt att ta sig fram, med f\u00e4rja! F\u00e4rden gick vidare \u00f6ver V\u00e4rmd\u00f6 mot Stockholm igen. N\u00e4sta stopp blev vid Hellasg\u00e5rden i n\u00e4rheten av Nackamasterna som s\u00e4nder ut TV till ett par miljoner inv\u00e5nare i Stockholmsomr\u00e5det. Vi tog v\u00e4gen via \u00c5rsta havsbad tillbaka till Dalar\u00f6, d\u00e4r kunde vi skymta H\u00e5rsfj\u00e4rden och den milit\u00e4ra anl\u00e4ggningen Berga. Efter en god middag i trevligt s\u00e4llskap somnade vi gott!<\/p>\n<p>S\u00f6ndag morgon 09.30 var det avf\u00e4rd mot Stockholm och L\u00e5ngholmen, nu var vi inne p\u00e5 v\u00e5r sista utflyktsdag. Vi skulle bes\u00f6ka det nedlagda f\u00e4ngelset L\u00e5ngholmen och f\u00e5 en guidad visning \u2013 intressant! Man f\u00f6rst\u00e5r att \u00e5ngesten kom krypande n\u00e4r man blev inl\u00e5st! L\u00e5ngholmen visade sig vara en ganska stor gr\u00f6n \u00f6 och inte bara ett f\u00e4ngelse. Efter en mycket god lunch p\u00e5 L\u00e5ngholmens v\u00e4rdshus och ett bes\u00f6k p\u00e5 platsen d\u00e4r ett JAS plan st\u00f6rtade intill V\u00e4sterbron 1993 var vi redo f\u00f6r eftermiddagens tripp. Vi skulle \u00e5ka \u201dMC-turen\u201d till Rosenhill. Lina varnade oss f\u00f6r att n\u00e4r vi skulle sv\u00e4nga in p\u00e5 en str\u00e4cka som i MC-g\u00e4ng kallas f\u00f6r Bulten m\u00e5ste vi passa oss eftersom de p\u00e5 motorcyklar kommer rysligt fort, pl\u00f6tsligt \u00e4r de bara d\u00e4r\u2026 Och det st\u00e4mde verkligen!<\/p>\n<p>L\u00e4ngs med denna v\u00e4g st\u00e5r det ofta olika personer och fotar de passerande motorcyklarna f\u00f6r att sedan posta dem p\u00e5 olika MC-forum p\u00e5 n\u00e4tet. Flera av oss lyckades faktiskt fastna p\u00e5 bild trots v\u00e5ra fyra hjul och med stort tack till fotografen Joakim Widell kan vi se bilderna nedan.<\/p>\n<p>Efter en mycket slingrig v\u00e4g var vi framme vid Rosenhill, fikast\u00e4lle nr 1 hos alla tv\u00e5hjuliga, med eller utan motor p\u00e5 cykeln. Smakade bra med lite fika innan sista etappen , Rosenhill till Skanssundet. \u00c4ven denna str\u00e4cka bj\u00f6d p\u00e5 vacker natur och h\u00e4rliga cruisingv\u00e4gar. V\u00e4l framme vid Skanssundet stod f\u00e4rjan inne och v\u00e4ntade p\u00e5 oss. Vi fick snabbt tacka Micke &amp; Lina f\u00f6r en fantastisk h\u00f6stutflykt runt Stockholm, mycket bra jobbat och v\u00e4l genomf\u00f6rt! Ett stort Tack fr\u00e5n oss alla till Er!<\/p>\n<p>Nu ser vi fram emot n\u00e4sta h\u00f6stutflykt!<\/p>\n<p>&nbsp;<\/p>\n<div class=\"clearfix\"><\/div><div class=\"gallery-wrapper\"><div class=\"preloader\"><\/div><div class=\"row\"><div class=\"col-xs-6 col-md-4\"><div class=\"img-item\"><a data-gallery=\"\" data-description=\" Lina delar ut instruktioner f\u00f6r f\u00f6rsta dagen n\u00e4r vi samlas i J\u00e4rna. \" href=\"https:\/\/clubcorvette.se\/ost\/wp-content\/uploads\/sites\/9\/2015\/01\/1.-Lina-delar-ut-instruktioner-f\u00f6r-f\u00f6rsta-dagen-n\u00e4r-vi-samlas-i-J\u00e4rna..jpg\">\n<img loading=\"lazy\" decoding=\"async\" data-toggle=\"tooltip\" data-placement=\"bottom\" title=\"Lina delar ut instruktioner f\u00f6r f\u00f6rsta dagen n\u00e4r vi samlas i J\u00e4rna.\" src=\"https:\/\/clubcorvette.se\/ost\/wp-content\/uploads\/sites\/9\/2015\/01\/1.-Lina-delar-ut-instruktioner-f\u00f6r-f\u00f6rsta-dagen-n\u00e4r-vi-samlas-i-J\u00e4rna.-300x200.jpg\" width=\"300\" height=\"200\" alt=\"\" \/>\n<\/a><\/div>\n<\/div>\n<div class=\"col-xs-6 col-md-4\"><div class=\"img-item\"><a data-gallery=\"\" data-description=\" P\u00e5 f\u00e4rjan mot Eker\u00f6 tittade vi p\u00e5 den vackra utsikten - b\u00e5de i och utanf\u00f6r b\u00e5ten \" href=\"https:\/\/clubcorvette.se\/ost\/wp-content\/uploads\/sites\/9\/2015\/01\/2.-P\u00e5-f\u00e4rjan-mot-Eker\u00f6-tittade-vi-p\u00e5-den-vackra-utsikten-b\u00e5de-i-och-utanf\u00f6r-b\u00e5ten.jpg\">\n<img loading=\"lazy\" decoding=\"async\" data-toggle=\"tooltip\" data-placement=\"bottom\" title=\"P\u00e5 f\u00e4rjan mot Eker\u00f6 tittade vi p\u00e5 den vackra utsikten - b\u00e5de i och utanf\u00f6r b\u00e5ten\" src=\"https:\/\/clubcorvette.se\/ost\/wp-content\/uploads\/sites\/9\/2015\/01\/2.-P\u00e5-f\u00e4rjan-mot-Eker\u00f6-tittade-vi-p\u00e5-den-vackra-utsikten-b\u00e5de-i-och-utanf\u00f6r-b\u00e5ten-300x200.jpg\" width=\"300\" height=\"200\" alt=\"\" \/>\n<\/a><\/div>\n<\/div>\n<div class=\"col-xs-6 col-md-4\"><div class=\"img-item\"><a data-gallery=\"\" data-description=\" H\u00e5kan p\u00e5 Corvette Sweden st\u00e4llde upp och visade oss runt i Tidbloms samlingar. \" href=\"https:\/\/clubcorvette.se\/ost\/wp-content\/uploads\/sites\/9\/2015\/01\/4.-H\u00e5kan-p\u00e5-Corvette-Sweden-st\u00e4llde-upp-och-visade-oss-runt-i-Tidbloms-samlingar..jpg\">\n<img loading=\"lazy\" decoding=\"async\" data-toggle=\"tooltip\" data-placement=\"bottom\" title=\"H\u00e5kan p\u00e5 Corvette Sweden st\u00e4llde upp och visade oss runt i Tidbloms samlingar.\" src=\"https:\/\/clubcorvette.se\/ost\/wp-content\/uploads\/sites\/9\/2015\/01\/4.-H\u00e5kan-p\u00e5-Corvette-Sweden-st\u00e4llde-upp-och-visade-oss-runt-i-Tidbloms-samlingar.-300x200.jpg\" width=\"300\" height=\"200\" alt=\"\" \/>\n<\/a><\/div>\n<\/div>\n<\/div><div class=\"row\"><div class=\"col-xs-6 col-md-4\"><div class=\"img-item\"><a data-gallery=\"\" data-description=\" Samtliga deltagare tackar M\u00e4lardalen f\u00f6r l\u00e5net av klubblokalen! \" href=\"https:\/\/clubcorvette.se\/ost\/wp-content\/uploads\/sites\/9\/2015\/01\/3.-Samtliga-deltagare-tackar-M\u00e4lardalen-f\u00f6r-l\u00e5net-av-klubblokalen.jpg\">\n<img loading=\"lazy\" decoding=\"async\" data-toggle=\"tooltip\" data-placement=\"bottom\" title=\"Samtliga deltagare tackar M\u00e4lardalen f\u00f6r l\u00e5net av klubblokalen!\" src=\"https:\/\/clubcorvette.se\/ost\/wp-content\/uploads\/sites\/9\/2015\/01\/3.-Samtliga-deltagare-tackar-M\u00e4lardalen-f\u00f6r-l\u00e5net-av-klubblokalen-300x200.jpg\" width=\"300\" height=\"200\" alt=\"\" \/>\n<\/a><\/div>\n<\/div>\n<div class=\"col-xs-6 col-md-4\"><div class=\"img-item\"><a data-gallery=\"\" data-description=\" Parkeringen vid Dalar\u00f6 Strand Hotell \" href=\"https:\/\/clubcorvette.se\/ost\/wp-content\/uploads\/sites\/9\/2015\/01\/5.-Parkeringen-vid-Dalar\u00f6-Strand-Hotell.jpg\">\n<img loading=\"lazy\" decoding=\"async\" data-toggle=\"tooltip\" data-placement=\"bottom\" title=\"Parkeringen vid Dalar\u00f6 Strand Hotell\" src=\"https:\/\/clubcorvette.se\/ost\/wp-content\/uploads\/sites\/9\/2015\/01\/5.-Parkeringen-vid-Dalar\u00f6-Strand-Hotell-300x200.jpg\" width=\"300\" height=\"200\" alt=\"\" \/>\n<\/a><\/div>\n<\/div>\n<div class=\"col-xs-6 col-md-4\"><div class=\"img-item\"><a data-gallery=\"\" data-description=\" Kakn\u00e4stornet sett nedifr\u00e5n \" href=\"https:\/\/clubcorvette.se\/ost\/wp-content\/uploads\/sites\/9\/2015\/01\/6.-Kakn\u00e4stornet-sett-nedifr\u00e5n-426x640.jpg\">\n<img loading=\"lazy\" decoding=\"async\" data-toggle=\"tooltip\" data-placement=\"bottom\" title=\"Kakn\u00e4stornet sett nedifr\u00e5n\" src=\"https:\/\/clubcorvette.se\/ost\/wp-content\/uploads\/sites\/9\/2015\/01\/6.-Kakn\u00e4stornet-sett-nedifr\u00e5n-300x200.jpg\" width=\"300\" height=\"200\" alt=\"\" \/>\n<\/a><\/div>\n<\/div>\n<\/div><div class=\"row\"><div class=\"col-xs-6 col-md-4\"><div class=\"img-item\"><a data-gallery=\"\" data-description=\" Corvetteparkering sedd uppifr\u00e5n Kakn\u00e4stornet, 141 m h\u00f6gt \" href=\"https:\/\/clubcorvette.se\/ost\/wp-content\/uploads\/sites\/9\/2015\/01\/7.-Corvetteparkering-sedd-uppifr\u00e5n-Kakn\u00e4stornet-141-m-h\u00f6gt.jpg\">\n<img loading=\"lazy\" decoding=\"async\" data-toggle=\"tooltip\" data-placement=\"bottom\" title=\"Corvetteparkering sedd uppifr\u00e5n Kakn\u00e4stornet, 141 m h\u00f6gt\" src=\"https:\/\/clubcorvette.se\/ost\/wp-content\/uploads\/sites\/9\/2015\/01\/7.-Corvetteparkering-sedd-uppifr\u00e5n-Kakn\u00e4stornet-141-m-h\u00f6gt-300x200.jpg\" width=\"300\" height=\"200\" alt=\"\" \/>\n<\/a><\/div>\n<\/div>\n<div class=\"col-xs-6 col-md-4\"><div class=\"img-item\"><a data-gallery=\"\" data-description=\" Parkering i en av Vaxholms parker. \" href=\"https:\/\/clubcorvette.se\/ost\/wp-content\/uploads\/sites\/9\/2015\/01\/8.-Parkering-i-en-av-Vaxholms-parker..jpg\">\n<img loading=\"lazy\" decoding=\"async\" data-toggle=\"tooltip\" data-placement=\"bottom\" title=\"Parkering i en av Vaxholms parker.\" src=\"https:\/\/clubcorvette.se\/ost\/wp-content\/uploads\/sites\/9\/2015\/01\/8.-Parkering-i-en-av-Vaxholms-parker.-300x200.jpg\" width=\"300\" height=\"200\" alt=\"\" \/>\n<\/a><\/div>\n<\/div>\n<div class=\"col-xs-6 col-md-4\"><div class=\"img-item\"><a data-gallery=\"\" data-description=\" Gruppbild framf\u00f6r Vaxholms f\u00e4stning \" href=\"https:\/\/clubcorvette.se\/ost\/wp-content\/uploads\/sites\/9\/2015\/01\/9.-Gruppbild-framf\u00f6r-Vaxholms-f\u00e4stning.jpg\">\n<img loading=\"lazy\" decoding=\"async\" data-toggle=\"tooltip\" data-placement=\"bottom\" title=\"Gruppbild framf\u00f6r Vaxholms f\u00e4stning\" src=\"https:\/\/clubcorvette.se\/ost\/wp-content\/uploads\/sites\/9\/2015\/01\/9.-Gruppbild-framf\u00f6r-Vaxholms-f\u00e4stning-300x200.jpg\" width=\"300\" height=\"200\" alt=\"\" \/>\n<\/a><\/div>\n<\/div>\n<\/div><div class=\"row\"><div class=\"col-xs-6 col-md-4\"><div class=\"img-item\"><a data-gallery=\"\" data-description=\" P\u00e5 s\u00f6ndagen gick hela gruppen direkt i F\u00e4ngelse, utan att passera G\u00e5... \" href=\"https:\/\/clubcorvette.se\/ost\/wp-content\/uploads\/sites\/9\/2015\/01\/10.-P\u00e5-s\u00f6ndagen-gick-hela-gruppen-direkt-i-F\u00e4ngelse-utan-att-passera-G\u00e5....jpg\">\n<img loading=\"lazy\" decoding=\"async\" data-toggle=\"tooltip\" data-placement=\"bottom\" title=\"P\u00e5 s\u00f6ndagen gick hela gruppen direkt i F\u00e4ngelse, utan att passera G\u00e5...\" src=\"https:\/\/clubcorvette.se\/ost\/wp-content\/uploads\/sites\/9\/2015\/01\/10.-P\u00e5-s\u00f6ndagen-gick-hela-gruppen-direkt-i-F\u00e4ngelse-utan-att-passera-G\u00e5...-300x200.jpg\" width=\"300\" height=\"200\" alt=\"\" \/>\n<\/a><\/div>\n<\/div>\n<div class=\"col-xs-6 col-md-4\"><div class=\"img-item\"><a data-gallery=\"\" data-description=\" Somliga mer bokstavligt \u00e4n andra... \" href=\"https:\/\/clubcorvette.se\/ost\/wp-content\/uploads\/sites\/9\/2015\/01\/11.-Somliga-mer-bokstavligt-\u00e4n-andra....jpg\">\n<img loading=\"lazy\" decoding=\"async\" data-toggle=\"tooltip\" data-placement=\"bottom\" title=\"Somliga mer bokstavligt \u00e4n andra...\" src=\"https:\/\/clubcorvette.se\/ost\/wp-content\/uploads\/sites\/9\/2015\/01\/11.-Somliga-mer-bokstavligt-\u00e4n-andra...-300x200.jpg\" width=\"300\" height=\"200\" alt=\"\" \/>\n<\/a><\/div>\n<\/div>\n<div class=\"col-xs-6 col-md-4\"><div class=\"img-item\"><a data-gallery=\"\" data-description=\" En av flyglarna p\u00e5 L\u00e5ngholmen, d\u00e4r bl a Isaak Gr\u00fcnewald suttit \" href=\"https:\/\/clubcorvette.se\/ost\/wp-content\/uploads\/sites\/9\/2015\/01\/12.-En-av-flyglarna-p\u00e5-L\u00e5ngholmen-d\u00e4r-bl-a-Isaak-Gr\u00fcnewald-suttit-426x640.jpg\">\n<img loading=\"lazy\" decoding=\"async\" data-toggle=\"tooltip\" data-placement=\"bottom\" title=\"En av flyglarna p\u00e5 L\u00e5ngholmen, d\u00e4r bl a Isaak Gr\u00fcnewald suttit\" src=\"https:\/\/clubcorvette.se\/ost\/wp-content\/uploads\/sites\/9\/2015\/01\/12.-En-av-flyglarna-p\u00e5-L\u00e5ngholmen-d\u00e4r-bl-a-Isaak-Gr\u00fcnewald-suttit-300x200.jpg\" width=\"300\" height=\"200\" alt=\"\" \/>\n<\/a><\/div>\n<\/div>\n<\/div><div class=\"row\"><div class=\"col-xs-6 col-md-4\"><div class=\"img-item\"><a data-gallery=\"\" data-description=\" P\u00e5 en s\u00e5dan h\u00e4r rastg\u00e5rd kan man inte k\u00f6ra Corvette. \" href=\"https:\/\/clubcorvette.se\/ost\/wp-content\/uploads\/sites\/9\/2015\/01\/13.-P\u00e5-en-s\u00e5dan-h\u00e4r-rastg\u00e5rd-kan-man-inte-k\u00f6ra-Corvette..jpg\">\n<img loading=\"lazy\" decoding=\"async\" data-toggle=\"tooltip\" data-placement=\"bottom\" title=\"P\u00e5 en s\u00e5dan h\u00e4r rastg\u00e5rd kan man inte k\u00f6ra Corvette.\" src=\"https:\/\/clubcorvette.se\/ost\/wp-content\/uploads\/sites\/9\/2015\/01\/13.-P\u00e5-en-s\u00e5dan-h\u00e4r-rastg\u00e5rd-kan-man-inte-k\u00f6ra-Corvette.-300x200.jpg\" width=\"300\" height=\"200\" alt=\"\" \/>\n<\/a><\/div>\n<\/div>\n<div class=\"col-xs-6 col-md-4\"><div class=\"img-item\"><a data-gallery=\"\" data-description=\" Vi passade ocks\u00e5 p\u00e5 att bes\u00f6ka platsen d\u00e4r \u00d6sterg\u00f6tland f\u00f6rs\u00f6kte ta \u00f6ver Vattenfestivalen. \" href=\"https:\/\/clubcorvette.se\/ost\/wp-content\/uploads\/sites\/9\/2015\/01\/14.-Vi-passade-ocks\u00e5-p\u00e5-att-bes\u00f6ka-platsen-d\u00e4r-\u00d6sterg\u00f6tland-f\u00f6rs\u00f6kte-ta-\u00f6ver-Vattenfestivalen.-426x640.jpg\">\n<img loading=\"lazy\" decoding=\"async\" data-toggle=\"tooltip\" data-placement=\"bottom\" title=\"Vi passade ocks\u00e5 p\u00e5 att bes\u00f6ka platsen d\u00e4r \u00d6sterg\u00f6tland f\u00f6rs\u00f6kte ta \u00f6ver Vattenfestivalen.\" src=\"https:\/\/clubcorvette.se\/ost\/wp-content\/uploads\/sites\/9\/2015\/01\/14.-Vi-passade-ocks\u00e5-p\u00e5-att-bes\u00f6ka-platsen-d\u00e4r-\u00d6sterg\u00f6tland-f\u00f6rs\u00f6kte-ta-\u00f6ver-Vattenfestivalen.-300x200.jpg\" width=\"300\" height=\"200\" alt=\"\" \/>\n<\/a><\/div>\n<\/div>\n<div class=\"col-xs-6 col-md-4\"><div class=\"img-item\"><a data-gallery=\"\" data-description=\" MickeLina p\u00e5 Bulten (fotograf Joakim Widell) \" href=\"https:\/\/clubcorvette.se\/ost\/wp-content\/uploads\/sites\/9\/2015\/01\/15.-MickeLina-p\u00e5-Bulten-fotograf-Joakim-Widell.jpg\">\n<img loading=\"lazy\" decoding=\"async\" data-toggle=\"tooltip\" data-placement=\"bottom\" title=\"MickeLina p\u00e5 Bulten (fotograf Joakim Widell)\" src=\"https:\/\/clubcorvette.se\/ost\/wp-content\/uploads\/sites\/9\/2015\/01\/15.-MickeLina-p\u00e5-Bulten-fotograf-Joakim-Widell-300x200.jpg\" width=\"300\" height=\"200\" alt=\"\" \/>\n<\/a><\/div>\n<\/div>\n<\/div><div class=\"row\"><div class=\"col-xs-6 col-md-4\"><div class=\"img-item\"><a data-gallery=\"\" data-description=\" Ulla och Ronny p\u00e5 Bulten (fotograf Joakim Widell) \" href=\"https:\/\/clubcorvette.se\/ost\/wp-content\/uploads\/sites\/9\/2015\/01\/16.-Ulla-och-Ronny-p\u00e5-Bulten-fotograf-Joakim-Widell.jpg\">\n<img loading=\"lazy\" decoding=\"async\" data-toggle=\"tooltip\" data-placement=\"bottom\" title=\"Ulla och Ronny p\u00e5 Bulten (fotograf Joakim Widell)\" src=\"https:\/\/clubcorvette.se\/ost\/wp-content\/uploads\/sites\/9\/2015\/01\/16.-Ulla-och-Ronny-p\u00e5-Bulten-fotograf-Joakim-Widell-300x200.jpg\" width=\"300\" height=\"200\" alt=\"\" \/>\n<\/a><\/div>\n<\/div>\n<div class=\"col-xs-6 col-md-4\"><div class=\"img-item\"><a data-gallery=\"\" data-description=\" Kalle och Madde p\u00e5 Bulten (fotograf Joakim Widell) \" href=\"https:\/\/clubcorvette.se\/ost\/wp-content\/uploads\/sites\/9\/2015\/01\/17.-Kalle-och-Madde-p\u00e5-Bulten-fotograf-Joakim-Widell.jpg\">\n<img loading=\"lazy\" decoding=\"async\" data-toggle=\"tooltip\" data-placement=\"bottom\" title=\"Kalle och Madde p\u00e5 Bulten (fotograf Joakim Widell)\" src=\"https:\/\/clubcorvette.se\/ost\/wp-content\/uploads\/sites\/9\/2015\/01\/17.-Kalle-och-Madde-p\u00e5-Bulten-fotograf-Joakim-Widell-300x200.jpg\" width=\"300\" height=\"200\" alt=\"\" \/>\n<\/a><\/div>\n<\/div>\n<div class=\"col-xs-6 col-md-4\"><div class=\"img-item\"><a data-gallery=\"\" data-description=\" Kerstin och Christian p\u00e5 Bulten (fotograf Joakim Widell) \" href=\"https:\/\/clubcorvette.se\/ost\/wp-content\/uploads\/sites\/9\/2015\/01\/18.-Kerstin-och-Christian-p\u00e5-Bulten-fotograf-Joakim-Widell.jpg\">\n<img loading=\"lazy\" decoding=\"async\" data-toggle=\"tooltip\" data-placement=\"bottom\" title=\"Kerstin och Christian p\u00e5 Bulten (fotograf Joakim Widell)\" src=\"https:\/\/clubcorvette.se\/ost\/wp-content\/uploads\/sites\/9\/2015\/01\/18.-Kerstin-och-Christian-p\u00e5-Bulten-fotograf-Joakim-Widell-300x200.jpg\" width=\"300\" height=\"200\" alt=\"\" \/>\n<\/a><\/div>\n<\/div>\n<\/div><div class=\"row\"><div class=\"col-xs-6 col-md-4\"><div class=\"img-item\"><a data-gallery=\"\" data-description=\" Greger och Gittan p\u00e5 Bulten (fotograf Joakim Widell) \" href=\"https:\/\/clubcorvette.se\/ost\/wp-content\/uploads\/sites\/9\/2015\/01\/19.-Greger-och-Gittan-p\u00e5-Bulten-fotograf-Joakim-Widell.jpg\">\n<img loading=\"lazy\" decoding=\"async\" data-toggle=\"tooltip\" data-placement=\"bottom\" title=\"Greger och Gittan p\u00e5 Bulten (fotograf Joakim Widell)\" src=\"https:\/\/clubcorvette.se\/ost\/wp-content\/uploads\/sites\/9\/2015\/01\/19.-Greger-och-Gittan-p\u00e5-Bulten-fotograf-Joakim-Widell-300x200.jpg\" width=\"300\" height=\"200\" alt=\"\" \/>\n<\/a><\/div>\n<\/div>\n<div class=\"col-xs-6 col-md-4\"><div class=\"img-item\"><a data-gallery=\"\" data-description=\" Bj\u00f6rn och Betti  Corvetti p\u00e5 Bulten (fotograf Joakim Widell) \" href=\"https:\/\/clubcorvette.se\/ost\/wp-content\/uploads\/sites\/9\/2015\/01\/20.-Bj\u00f6rn-och-Betti-Corvetti-p\u00e5-Bulten-fotograf-Joakim-Widell.jpg\">\n<img loading=\"lazy\" decoding=\"async\" data-toggle=\"tooltip\" data-placement=\"bottom\" title=\"Bj\u00f6rn och Betti  Corvetti p\u00e5 Bulten (fotograf Joakim Widell)\" src=\"https:\/\/clubcorvette.se\/ost\/wp-content\/uploads\/sites\/9\/2015\/01\/20.-Bj\u00f6rn-och-Betti-Corvetti-p\u00e5-Bulten-fotograf-Joakim-Widell-300x200.jpg\" width=\"300\" height=\"200\" alt=\"\" \/>\n<\/a><\/div>\n<\/div>\n<div class=\"col-xs-6 col-md-4\"><div class=\"img-item\"><a data-gallery=\"\" data-description=\" Lina och Micke tackar alla er som kom och h\u00e4lsar er v\u00e4lkomna tillbaka! \" href=\"https:\/\/clubcorvette.se\/ost\/wp-content\/uploads\/sites\/9\/2015\/01\/21.-Lina-och-Micke-tackar-alla-er-som-kom-och-h\u00e4lsar-er-v\u00e4lkomna-tillbaka.jpg\">\n<img loading=\"lazy\" decoding=\"async\" data-toggle=\"tooltip\" data-placement=\"bottom\" title=\"Lina och Micke tackar alla er som kom och h\u00e4lsar er v\u00e4lkomna tillbaka!\" src=\"https:\/\/clubcorvette.se\/ost\/wp-content\/uploads\/sites\/9\/2015\/01\/21.-Lina-och-Micke-tackar-alla-er-som-kom-och-h\u00e4lsar-er-v\u00e4lkomna-tillbaka-300x200.jpg\" width=\"300\" height=\"200\" alt=\"\" \/>\n<\/a><\/div>\n<\/div>\n<\/div><div class=\"row\"><\/div>\n<\/div>\n\n","protected":false},"excerpt":{"rendered":"<p>Text och bild (d\u00e4r inte annat anges): Christer Lennartsson Bilder p\u00e5 Corvetter som rullar p\u00e5 \u201dBulten\u201d (m\u00e4rkta JW): Joakim Widell Det \u00e4r fredag lunch den 12 september och det ligger en k\u00e4nsla av sp\u00e4nd f\u00f6rv\u00e4ntan i luften n\u00e4r vi samlas p\u00e5 Statoil i J\u00e4rna. Det \u00e4r 10 Corvetter som anl\u00e4nder och arrang\u00f6rerna Micke &amp; Lina [&hellip;]<\/p>\n","protected":false},"author":19,"featured_media":193,"comment_status":"open","ping_status":"closed","sticky":false,"template":"","format":"standard","meta":{"_acf_changed":false,"footnotes":""},"categories":[2,6],"tags":[],"class_list":["post-184","post","type-post","status-publish","format-standard","has-post-thumbnail","hentry","category-ost","category-reportage"],"acf":[],"_links":{"self":[{"href":"https:\/\/clubcorvette.se\/ost\/wp-json\/wp\/v2\/posts\/184","targetHints":{"allow":["GET"]}}],"collection":[{"href":"https:\/\/clubcorvette.se\/ost\/wp-json\/wp\/v2\/posts"}],"about":[{"href":"https:\/\/clubcorvette.se\/ost\/wp-json\/wp\/v2\/types\/post"}],"author":[{"embeddable":true,"href":"https:\/\/clubcorvette.se\/ost\/wp-json\/wp\/v2\/users\/19"}],"replies":[{"embeddable":true,"href":"https:\/\/clubcorvette.se\/ost\/wp-json\/wp\/v2\/comments?post=184"}],"version-history":[{"count":1,"href":"https:\/\/clubcorvette.se\/ost\/wp-json\/wp\/v2\/posts\/184\/revisions"}],"predecessor-version":[{"id":206,"href":"https:\/\/clubcorvette.se\/ost\/wp-json\/wp\/v2\/posts\/184\/revisions\/206"}],"wp:featuredmedia":[{"embeddable":true,"href":"https:\/\/clubcorvette.se\/ost\/wp-json\/wp\/v2\/media\/193"}],"wp:attachment":[{"href":"https:\/\/clubcorvette.se\/ost\/wp-json\/wp\/v2\/media?parent=184"}],"wp:term":[{"taxonomy":"category","embeddable":true,"href":"https:\/\/clubcorvette.se\/ost\/wp-json\/wp\/v2\/categories?post=184"},{"taxonomy":"post_tag","embeddable":true,"href":"https:\/\/clubcorvette.se\/ost\/wp-json\/wp\/v2\/tags?post=184"}],"curies":[{"name":"wp","href":"https:\/\/api.w.org\/{rel}","templated":true}]}}