{"id":5938,"date":"2025-09-17T20:43:34","date_gmt":"2025-09-17T18:43:34","guid":{"rendered":"https:\/\/clubcorvette.se\/malardalen\/?p=5938"},"modified":"2025-09-17T20:43:34","modified_gmt":"2025-09-17T18:43:34","slug":"corvette-klubbens-deltagande-i-kungsrallyt-pa-oland-2025","status":"publish","type":"post","link":"https:\/\/clubcorvette.se\/malardalen\/corvette-klubbens-deltagande-i-kungsrallyt-pa-oland-2025\/","title":{"rendered":"Corvette klubbens deltagande i Kungsrallyt p\u00e5 \u00d6land 2025"},"content":{"rendered":"<div class=\"html-div xdj266r x14z9mp xat24cr x1lziwak xexx8yu xyri2b x18d9i69 x1c1uobl\">\n<div class=\"html-div xdj266r x14z9mp x1lziwak xexx8yu xyri2b x18d9i69 x1c1uobl x1e56ztr\"><span class=\"x193iq5w xeuugli x13faqbe x1vvkbs x1xmvt09 x6prxxf xvq8zen xo1l8bm xzsf02u\">I mitten p\u00e5 augusti blev jag uppringd av Christer Woxberg, ordf\u00f6rande i Club Corvette Sweden, om jag vill representera klubbens 2500 medlemmar i Kungsrallyt p\u00e5 \u00d6land sista helgen i augusti 2025. Efter en kv\u00e4lls funderande s\u00e5 tackade Siw och jag givetvis ja till det hedrande uppdraget och erbjudandet.<\/span><\/div>\n<\/div>\n<div class=\"html-div xdj266r x14z9mp xat24cr x1lziwak xexx8yu xyri2b x18d9i69 x1c1uobl\">\n<div class=\"html-div xdj266r x14z9mp x1lziwak xexx8yu xyri2b x18d9i69 x1c1uobl x1e56ztr\"><\/div>\n<\/div>\n<div class=\"html-div xdj266r x14z9mp xat24cr x1lziwak xexx8yu xyri2b x18d9i69 x1c1uobl\">\n<div class=\"html-div xdj266r x14z9mp x1lziwak xexx8yu xyri2b x18d9i69 x1c1uobl x1e56ztr\"><span class=\"x193iq5w xeuugli x13faqbe x1vvkbs x1xmvt09 x6prxxf xvq8zen xo1l8bm xzsf02u\">N\u00e4r den aktuella helgen kom b\u00f6rjade resan p\u00e5 fredagsmorgonen med v\u00e5r nytv\u00e4ttade och nyvaxade Corvette C3 till Strand Hotell i Borgholm p\u00e5 \u00d6land, som var resans m\u00e5l.<\/span><\/div>\n<\/div>\n<div class=\"html-div xdj266r x14z9mp xat24cr x1lziwak xexx8yu xyri2b x18d9i69 x1c1uobl\">\n<div class=\"html-div xdj266r x14z9mp x1lziwak xexx8yu xyri2b x18d9i69 x1c1uobl x1e56ztr\"><\/div>\n<\/div>\n<div class=\"html-div xdj266r x14z9mp xat24cr x1lziwak xexx8yu xyri2b x18d9i69 x1c1uobl\">\n<div class=\"html-div xdj266r x14z9mp x1lziwak xexx8yu xyri2b x18d9i69 x1c1uobl x1e56ztr\"><span class=\"x193iq5w xeuugli x13faqbe x1vvkbs x1xmvt09 x6prxxf xvq8zen xo1l8bm xzsf02u\">D\u00e4r togs vi emot av Christer och Tina Woxberg som deltog p\u00e5 Kungsrallyt med sin fina Cadillac 63:a samt av Kjell Gehammar som \u00e4r huvudansvarig f\u00f6r tr\u00e4ffen. Efter incheckning och installation p\u00e5 Strandhotell s\u00e5 blev det lite mingel med bubbel, innan en mycket trevlig middag b\u00f6rjade p\u00e5 kv\u00e4llen.<\/span><\/div>\n<\/div>\n<div class=\"html-div xdj266r x14z9mp xat24cr x1lziwak xexx8yu xyri2b x18d9i69 x1c1uobl\">\n<div class=\"html-div xdj266r x14z9mp x1lziwak xexx8yu xyri2b x18d9i69 x1c1uobl x1e56ztr\"><\/div>\n<\/div>\n<div class=\"html-div xdj266r x14z9mp xat24cr x1lziwak xexx8yu xyri2b x18d9i69 x1c1uobl\">\n<div class=\"html-div xdj266r x14z9mp x1lziwak xexx8yu xyri2b x18d9i69 x1c1uobl x1e56ztr\"><span class=\"x193iq5w xeuugli x13faqbe x1vvkbs x1xmvt09 x6prxxf xvq8zen xo1l8bm xzsf02u\">N\u00e4sta morgon s\u00e5 utf\u00f6rdes en sista puts p\u00e5 bilen innan Kungen och Drottningen anl\u00e4nde till gr\u00e4smattan vid strandhotell. Bilen f\u00f6rs\u00e5gs ocks\u00e5 med en skylt framtill som angav \u201dKungsrallyt 2025\u201d.<br class=\"html-br\" \/>Kungen h\u00f6ll fr\u00e5n ett podie, ett inledande tal till oss deltagare, innan han sa de klassiska orden \u201dStart your engines\u201d. Kungen och Silvia deltog p\u00e5 rallyt med sin Volvo PV 60 av \u00e5rsmodell 1946.<\/span><\/div>\n<\/div>\n<div class=\"html-div xdj266r x14z9mp xat24cr x1lziwak xexx8yu xyri2b x18d9i69 x1c1uobl\">\n<div class=\"html-div xdj266r x14z9mp x1lziwak xexx8yu xyri2b x18d9i69 x1c1uobl x1e56ztr\"><\/div>\n<\/div>\n<div class=\"html-div xdj266r x14z9mp xat24cr x1lziwak xexx8yu xyri2b x18d9i69 x1c1uobl\">\n<div class=\"html-div xdj266r x14z9mp x1lziwak xexx8yu xyri2b x18d9i69 x1c1uobl x1e56ztr\"><span class=\"x193iq5w xeuugli x13faqbe x1vvkbs x1xmvt09 x6prxxf xvq8zen xo1l8bm xzsf02u\">V\u00e5r f\u00e4rd b\u00f6rjade till Slott Solliden d\u00e4r kungen och Silvia tog emot karavanen genom att g\u00e5 varvet runt bland de parkerade bilarna f\u00f6r en kort pratstund med de olika deltagare. Det var sp\u00e4nnande och hedrande att h\u00e4lsa p\u00e5 och f\u00e5 en pratstund med kungaparet, som var mycket trevliga och intresserade av v\u00e5r Corvette. Jag ber\u00e4ttade f\u00f6r dem att vi representerade Corvette klubben och att jag f\u00e5tt i uppdrag att skriva ett reportage till v\u00e5rat Corvette Magasin. Samt \u00f6nskade att f\u00e5 tilldela kungen ett exemplar av tidningen med reportaget i senare.<\/span><\/div>\n<\/div>\n<div class=\"html-div xdj266r x14z9mp xat24cr x1lziwak xexx8yu xyri2b x18d9i69 x1c1uobl\">\n<div class=\"html-div xdj266r x14z9mp x1lziwak xexx8yu xyri2b x18d9i69 x1c1uobl x1e56ztr\"><\/div>\n<\/div>\n<div class=\"html-div xdj266r x14z9mp xat24cr x1lziwak xexx8yu xyri2b x18d9i69 x1c1uobl\">\n<div class=\"html-div xdj266r x14z9mp x1lziwak xexx8yu xyri2b x18d9i69 x1c1uobl x1e56ztr\"><span class=\"x193iq5w xeuugli x13faqbe x1vvkbs x1xmvt09 x6prxxf xvq8zen xo1l8bm xzsf02u\">D\u00e4refter fortsatte f\u00e4rden p\u00e5 mycket fina sm\u00e5 sommarv\u00e4gar runt p\u00e5 \u00d6land. P\u00e5 det ca 10 mil l\u00e5nga Rallyt s\u00e5 kantades v\u00e4garna h\u00e4r och d\u00e4r av glada m\u00e4nniskor som vinkade med svenska flaggor.<\/span><\/div>\n<\/div>\n<div class=\"html-div xdj266r x14z9mp xat24cr x1lziwak xexx8yu xyri2b x18d9i69 x1c1uobl\">\n<div class=\"html-div xdj266r x14z9mp x1lziwak xexx8yu xyri2b x18d9i69 x1c1uobl x1e56ztr\"><span class=\"x193iq5w xeuugli x13faqbe x1vvkbs x1xmvt09 x6prxxf xvq8zen xo1l8bm xzsf02u\"><br class=\"html-br\" \/>P\u00e5 ett par st\u00e4llen under f\u00e4rden s\u00e5 kom det stationer med antingen kluriga fr\u00e5gor att svara p\u00e5 eller ett man\u00f6verprov att utf\u00f6ra med bilen. P\u00e5 ett av stoppen bj\u00f6d glassf\u00f6retaget OTTO p\u00e5 goda glasstrutar.<\/span><\/div>\n<\/div>\n<div class=\"html-div xdj266r x14z9mp xat24cr x1lziwak xexx8yu xyri2b x18d9i69 x1c1uobl\">\n<div class=\"html-div xdj266r x14z9mp x1lziwak xexx8yu xyri2b x18d9i69 x1c1uobl x1e56ztr\"><\/div>\n<\/div>\n<div class=\"html-div xdj266r x14z9mp xat24cr x1lziwak xexx8yu xyri2b x18d9i69 x1c1uobl\">\n<div class=\"html-div xdj266r x14z9mp x1lziwak xexx8yu xyri2b x18d9i69 x1c1uobl x1e56ztr\"><span class=\"x193iq5w xeuugli x13faqbe x1vvkbs x1xmvt09 x6prxxf xvq8zen xo1l8bm xzsf02u\">Vid lunchen fram p\u00e5 dagen n\u00e4r vi satt och \u00e5t, s\u00e5 placerades kungaparet med s\u00e4llskap bredvid v\u00e5rat bord, vilket var ett mycket trevligt inslag f\u00f6r oss. Det kan n\u00e4mnas att under hela dagen s\u00e5 f\u00f6ljde S\u00e4povakter kungaparet p\u00e5 lite diskret avst\u00e5nd.<\/span><\/div>\n<\/div>\n<div class=\"html-div xdj266r x14z9mp xat24cr x1lziwak xexx8yu xyri2b x18d9i69 x1c1uobl\">\n<div class=\"html-div xdj266r x14z9mp x1lziwak xexx8yu xyri2b x18d9i69 x1c1uobl x1e56ztr\"><\/div>\n<\/div>\n<div class=\"html-div xdj266r x14z9mp xat24cr x1lziwak xexx8yu xyri2b x18d9i69 x1c1uobl\">\n<div class=\"html-div xdj266r x14z9mp x1lziwak xexx8yu xyri2b x18d9i69 x1c1uobl x1e56ztr\"><span class=\"x193iq5w xeuugli x13faqbe x1vvkbs x1xmvt09 x6prxxf xvq8zen xo1l8bm xzsf02u\">Senare p\u00e5 eftermiddagen s\u00e5 gick vi i m\u00e5l p\u00e5 \u201dDrottning Victorias vilohem\u201d i Borgholm. D\u00e4r en orkester spelad f\u00f6r oss i den lummiga tr\u00e4dg\u00e5rden i v\u00e4ntan p\u00e5 att kungen skulle dela ut ett vandringspris till de som vunnit rallyt.<\/span><\/div>\n<\/div>\n<div class=\"html-div xdj266r x14z9mp xat24cr x1lziwak xexx8yu xyri2b x18d9i69 x1c1uobl\">\n<div class=\"html-div xdj266r x14z9mp x1lziwak xexx8yu xyri2b x18d9i69 x1c1uobl x1e56ztr\"><\/div>\n<\/div>\n<div class=\"html-div xdj266r x14z9mp xat24cr x1lziwak xexx8yu xyri2b x18d9i69 x1c1uobl\">\n<div class=\"html-div xdj266r x14z9mp x1lziwak xexx8yu xyri2b x18d9i69 x1c1uobl x1e56ztr\"><span class=\"x193iq5w xeuugli x13faqbe x1vvkbs x1xmvt09 x6prxxf xvq8zen xo1l8bm xzsf02u\">N\u00e4r vi \u00e5terv\u00e4nt till Strandhotell var det ett par timmar kvar innan banketten skulle b\u00f6rja p\u00e5 kv\u00e4llen. Christer och Tina hade bokat ett bord till oss d\u00e4r vi intog en fyra r\u00e4tters middag i trevligt s\u00e4llskap samt nj\u00f6t av underh\u00e5llning fr\u00e5n Hasse Andersson, Kvinnab\u00f6ske.<\/span><\/div>\n<\/div>\n<div class=\"html-div xdj266r x14z9mp xat24cr x1lziwak xexx8yu xyri2b x18d9i69 x1c1uobl\">\n<div class=\"html-div xdj266r x14z9mp x1lziwak xexx8yu xyri2b x18d9i69 x1c1uobl x1e56ztr\"><\/div>\n<\/div>\n<div class=\"html-div xdj266r x14z9mp xat24cr x1lziwak xexx8yu xyri2b x18d9i69 x1c1uobl\">\n<div class=\"html-div xdj266r x14z9mp x1lziwak xexx8yu xyri2b x18d9i69 x1c1uobl x1e56ztr\"><span class=\"x193iq5w xeuugli x13faqbe x1vvkbs x1xmvt09 x6prxxf xvq8zen xo1l8bm xzsf02u\">P\u00e5 s\u00f6ndagen v\u00e4ntade hemf\u00e4rd efter frukost och avtackning av de deltagare man umg\u00e5tts med under helgen. Christer och Tina skulle lasta upp sin Cadillac p\u00e5 trailer och b\u00f6rja sin f\u00e4rd hem till Sk\u00e5ne igen.<\/span><\/div>\n<\/div>\n<div class=\"html-div xdj266r x14z9mp xat24cr x1lziwak xexx8yu xyri2b x18d9i69 x1c1uobl\">\n<div class=\"html-div xdj266r x14z9mp x1lziwak xexx8yu xyri2b x18d9i69 x1c1uobl x1e56ztr\"><span class=\"x193iq5w xeuugli x13faqbe x1vvkbs x1xmvt09 x6prxxf xvq8zen xo1l8bm xzsf02u\">Det blev en mycket trevlig helg med fina upplevelser och glada m\u00e4nniskor i fina veteranbilar.<\/span><\/div>\n<\/div>\n<div class=\"html-div xdj266r x14z9mp xat24cr x1lziwak xexx8yu xyri2b x18d9i69 x1c1uobl\">\n<div class=\"html-div xdj266r x14z9mp x1lziwak xexx8yu xyri2b x18d9i69 x1c1uobl x1e56ztr\"><\/div>\n<\/div>\n<div class=\"html-div xdj266r x14z9mp xat24cr x1lziwak xexx8yu xyri2b x18d9i69 x1c1uobl\">\n<div class=\"html-div xdj266r x14z9mp x1lziwak xexx8yu xyri2b x18d9i69 x1c1uobl x1e56ztr\"><span class=\"x193iq5w xeuugli x13faqbe x1vvkbs x1xmvt09 x6prxxf xvq8zen xo1l8bm xzsf02u\">Bo och Siw Bj\u00f6rklund medlem 2845 i Club Corvette M\u00e4lardalen<\/span><\/div>\n<\/div>\n<div><\/div>\n<div>\n<div class=\"clearfix\"><\/div><div class=\"gallery-wrapper\"><div class=\"preloader\"><\/div><div class=\"row\"><div class=\"col-xs-6 col-md-12\"><div class=\"img-item\"><a data-gallery=\"\" data-description=\"  \" href=\"https:\/\/clubcorvette.se\/malardalen\/wp-content\/uploads\/sites\/11\/2025\/09\/Corvette-klubbens-deltagande-i-Kungsrallyt-pa-Oland-2025-1-870x640.jpg\">\n<img loading=\"lazy\" decoding=\"async\" data-toggle=\"tooltip\" data-placement=\"bottom\" title=\"\" src=\"https:\/\/clubcorvette.se\/malardalen\/wp-content\/uploads\/sites\/11\/2025\/09\/Corvette-klubbens-deltagande-i-Kungsrallyt-pa-Oland-2025-1-870x640.jpg\" width=\"870\" height=\"640\" alt=\"\" \/>\n<\/a><\/div>\n<\/div>\n<\/div><div class=\"row\"><div class=\"col-xs-6 col-md-12\"><div class=\"img-item\"><a data-gallery=\"\" data-description=\"  \" href=\"https:\/\/clubcorvette.se\/malardalen\/wp-content\/uploads\/sites\/11\/2025\/09\/Corvette-klubbens-deltagande-i-Kungsrallyt-pa-Oland-2025-19-960x540.jpg\">\n<img loading=\"lazy\" decoding=\"async\" data-toggle=\"tooltip\" data-placement=\"bottom\" title=\"\" src=\"https:\/\/clubcorvette.se\/malardalen\/wp-content\/uploads\/sites\/11\/2025\/09\/Corvette-klubbens-deltagande-i-Kungsrallyt-pa-Oland-2025-19-960x540.jpg\" width=\"960\" height=\"540\" alt=\"\" \/>\n<\/a><\/div>\n<\/div>\n<\/div><div class=\"row\"><div class=\"col-xs-6 col-md-12\"><div class=\"img-item\"><a data-gallery=\"\" data-description=\" Christer och Tina Woxberg \" href=\"https:\/\/clubcorvette.se\/malardalen\/wp-content\/uploads\/sites\/11\/2025\/09\/Corvette-klubbens-deltagande-i-Kungsrallyt-pa-Oland-2025-18-960x625.jpg\">\n<img loading=\"lazy\" decoding=\"async\" data-toggle=\"tooltip\" data-placement=\"bottom\" title=\"Christer och Tina Woxberg\" src=\"https:\/\/clubcorvette.se\/malardalen\/wp-content\/uploads\/sites\/11\/2025\/09\/Corvette-klubbens-deltagande-i-Kungsrallyt-pa-Oland-2025-18-960x625.jpg\" width=\"960\" height=\"625\" alt=\"\" \/>\n<\/a><\/div>\n<\/div>\n<\/div><div class=\"row\"><div class=\"col-xs-6 col-md-12\"><div class=\"img-item\"><a data-gallery=\"\" data-description=\"  \" href=\"https:\/\/clubcorvette.se\/malardalen\/wp-content\/uploads\/sites\/11\/2025\/09\/Corvette-klubbens-deltagande-i-Kungsrallyt-pa-Oland-2025-25-960x540.jpg\">\n<img loading=\"lazy\" decoding=\"async\" data-toggle=\"tooltip\" data-placement=\"bottom\" title=\"\" src=\"https:\/\/clubcorvette.se\/malardalen\/wp-content\/uploads\/sites\/11\/2025\/09\/Corvette-klubbens-deltagande-i-Kungsrallyt-pa-Oland-2025-25-960x540.jpg\" width=\"960\" height=\"540\" alt=\"\" \/>\n<\/a><\/div>\n<\/div>\n<\/div><div class=\"row\"><div class=\"col-xs-6 col-md-12\"><div class=\"img-item\"><a data-gallery=\"\" data-description=\"  \" href=\"https:\/\/clubcorvette.se\/malardalen\/wp-content\/uploads\/sites\/11\/2025\/09\/Corvette-klubbens-deltagande-i-Kungsrallyt-pa-Oland-2025-7-960x540.jpg\">\n<img loading=\"lazy\" decoding=\"async\" data-toggle=\"tooltip\" data-placement=\"bottom\" title=\"\" src=\"https:\/\/clubcorvette.se\/malardalen\/wp-content\/uploads\/sites\/11\/2025\/09\/Corvette-klubbens-deltagande-i-Kungsrallyt-pa-Oland-2025-7-960x540.jpg\" width=\"960\" height=\"540\" alt=\"\" \/>\n<\/a><\/div>\n<\/div>\n<\/div><div class=\"row\"><div class=\"col-xs-6 col-md-12\"><div class=\"img-item\"><a data-gallery=\"\" data-description=\"  \" href=\"https:\/\/clubcorvette.se\/malardalen\/wp-content\/uploads\/sites\/11\/2025\/09\/Corvette-klubbens-deltagande-i-Kungsrallyt-pa-Oland-2025-23-816x640.jpg\">\n<img loading=\"lazy\" decoding=\"async\" data-toggle=\"tooltip\" data-placement=\"bottom\" title=\"\" src=\"https:\/\/clubcorvette.se\/malardalen\/wp-content\/uploads\/sites\/11\/2025\/09\/Corvette-klubbens-deltagande-i-Kungsrallyt-pa-Oland-2025-23-816x640.jpg\" width=\"816\" height=\"640\" alt=\"\" \/>\n<\/a><\/div>\n<\/div>\n<\/div><div class=\"row\"><div class=\"col-xs-6 col-md-12\"><div class=\"img-item\"><a data-gallery=\"\" data-description=\"  \" href=\"https:\/\/clubcorvette.se\/malardalen\/wp-content\/uploads\/sites\/11\/2025\/09\/Corvette-klubbens-deltagande-i-Kungsrallyt-pa-Oland-2025-20-960x540.jpg\">\n<img loading=\"lazy\" decoding=\"async\" data-toggle=\"tooltip\" data-placement=\"bottom\" title=\"\" src=\"https:\/\/clubcorvette.se\/malardalen\/wp-content\/uploads\/sites\/11\/2025\/09\/Corvette-klubbens-deltagande-i-Kungsrallyt-pa-Oland-2025-20-960x540.jpg\" width=\"960\" height=\"540\" alt=\"\" \/>\n<\/a><\/div>\n<\/div>\n<\/div><div class=\"row\"><div class=\"col-xs-6 col-md-12\"><div class=\"img-item\"><a data-gallery=\"\" data-description=\"  \" href=\"https:\/\/clubcorvette.se\/malardalen\/wp-content\/uploads\/sites\/11\/2025\/09\/Corvette-klubbens-deltagande-i-Kungsrallyt-pa-Oland-2025-3-960x540.jpg\">\n<img loading=\"lazy\" decoding=\"async\" data-toggle=\"tooltip\" data-placement=\"bottom\" title=\"\" src=\"https:\/\/clubcorvette.se\/malardalen\/wp-content\/uploads\/sites\/11\/2025\/09\/Corvette-klubbens-deltagande-i-Kungsrallyt-pa-Oland-2025-3-960x540.jpg\" width=\"960\" height=\"540\" alt=\"\" \/>\n<\/a><\/div>\n<\/div>\n<\/div><div class=\"row\"><div class=\"col-xs-6 col-md-12\"><div class=\"img-item\"><a data-gallery=\"\" data-description=\"  \" href=\"https:\/\/clubcorvette.se\/malardalen\/wp-content\/uploads\/sites\/11\/2025\/09\/Corvette-klubbens-deltagande-i-Kungsrallyt-pa-Oland-2025-4-960x540.jpg\">\n<img loading=\"lazy\" decoding=\"async\" data-toggle=\"tooltip\" data-placement=\"bottom\" title=\"\" src=\"https:\/\/clubcorvette.se\/malardalen\/wp-content\/uploads\/sites\/11\/2025\/09\/Corvette-klubbens-deltagande-i-Kungsrallyt-pa-Oland-2025-4-960x540.jpg\" width=\"960\" height=\"540\" alt=\"\" \/>\n<\/a><\/div>\n<\/div>\n<\/div><div class=\"row\"><div class=\"col-xs-6 col-md-12\"><div class=\"img-item\"><a data-gallery=\"\" data-description=\" Carl XVI Gustaf \" href=\"https:\/\/clubcorvette.se\/malardalen\/wp-content\/uploads\/sites\/11\/2025\/09\/Corvette-klubbens-deltagande-i-Kungsrallyt-pa-Oland-2025-11-577x640.jpg\">\n<img loading=\"lazy\" decoding=\"async\" data-toggle=\"tooltip\" data-placement=\"bottom\" title=\"Carl XVI Gustaf\" src=\"https:\/\/clubcorvette.se\/malardalen\/wp-content\/uploads\/sites\/11\/2025\/09\/Corvette-klubbens-deltagande-i-Kungsrallyt-pa-Oland-2025-11-577x640.jpg\" width=\"577\" height=\"640\" alt=\"\" \/>\n<\/a><\/div>\n<\/div>\n<\/div><div class=\"row\"><div class=\"col-xs-6 col-md-12\"><div class=\"img-item\"><a data-gallery=\"\" data-description=\" Carl XVI Gustaf och Drottning Silvia \" href=\"https:\/\/clubcorvette.se\/malardalen\/wp-content\/uploads\/sites\/11\/2025\/09\/Corvette-klubbens-deltagande-i-Kungsrallyt-pa-Oland-2025-10-514x640.jpg\">\n<img loading=\"lazy\" decoding=\"async\" data-toggle=\"tooltip\" data-placement=\"bottom\" title=\"Carl XVI Gustaf och Drottning Silvia\" src=\"https:\/\/clubcorvette.se\/malardalen\/wp-content\/uploads\/sites\/11\/2025\/09\/Corvette-klubbens-deltagande-i-Kungsrallyt-pa-Oland-2025-10-514x640.jpg\" width=\"514\" height=\"640\" alt=\"\" \/>\n<\/a><\/div>\n<\/div>\n<\/div><div class=\"row\"><div class=\"col-xs-6 col-md-12\"><div class=\"img-item\"><a data-gallery=\"\" data-description=\"  \" href=\"https:\/\/clubcorvette.se\/malardalen\/wp-content\/uploads\/sites\/11\/2025\/09\/Corvette-klubbens-deltagande-i-Kungsrallyt-pa-Oland-2025-16-960x498.jpg\">\n<img loading=\"lazy\" decoding=\"async\" data-toggle=\"tooltip\" data-placement=\"bottom\" title=\"\" src=\"https:\/\/clubcorvette.se\/malardalen\/wp-content\/uploads\/sites\/11\/2025\/09\/Corvette-klubbens-deltagande-i-Kungsrallyt-pa-Oland-2025-16-960x498.jpg\" width=\"960\" height=\"498\" alt=\"\" \/>\n<\/a><\/div>\n<\/div>\n<\/div><div class=\"row\"><div class=\"col-xs-6 col-md-12\"><div class=\"img-item\"><a data-gallery=\"\" data-description=\"  \" href=\"https:\/\/clubcorvette.se\/malardalen\/wp-content\/uploads\/sites\/11\/2025\/09\/Corvette-klubbens-deltagande-i-Kungsrallyt-pa-Oland-2025-5-960x451.jpg\">\n<img loading=\"lazy\" decoding=\"async\" data-toggle=\"tooltip\" data-placement=\"bottom\" title=\"\" src=\"https:\/\/clubcorvette.se\/malardalen\/wp-content\/uploads\/sites\/11\/2025\/09\/Corvette-klubbens-deltagande-i-Kungsrallyt-pa-Oland-2025-5-960x451.jpg\" width=\"960\" height=\"451\" alt=\"\" \/>\n<\/a><\/div>\n<\/div>\n<\/div><div class=\"row\"><div class=\"col-xs-6 col-md-12\"><div class=\"img-item\"><a data-gallery=\"\" data-description=\"  \" href=\"https:\/\/clubcorvette.se\/malardalen\/wp-content\/uploads\/sites\/11\/2025\/09\/Corvette-klubbens-deltagande-i-Kungsrallyt-pa-Oland-2025-24-960x377.jpg\">\n<img loading=\"lazy\" decoding=\"async\" data-toggle=\"tooltip\" data-placement=\"bottom\" title=\"\" src=\"https:\/\/clubcorvette.se\/malardalen\/wp-content\/uploads\/sites\/11\/2025\/09\/Corvette-klubbens-deltagande-i-Kungsrallyt-pa-Oland-2025-24-960x377.jpg\" width=\"960\" height=\"377\" alt=\"\" \/>\n<\/a><\/div>\n<\/div>\n<\/div><div class=\"row\"><div class=\"col-xs-6 col-md-12\"><div class=\"img-item\"><a data-gallery=\"\" data-description=\"  \" href=\"https:\/\/clubcorvette.se\/malardalen\/wp-content\/uploads\/sites\/11\/2025\/09\/Corvette-klubbens-deltagande-i-Kungsrallyt-pa-Oland-2025-6-960x480.jpg\">\n<img loading=\"lazy\" decoding=\"async\" data-toggle=\"tooltip\" data-placement=\"bottom\" title=\"\" src=\"https:\/\/clubcorvette.se\/malardalen\/wp-content\/uploads\/sites\/11\/2025\/09\/Corvette-klubbens-deltagande-i-Kungsrallyt-pa-Oland-2025-6-960x480.jpg\" width=\"960\" height=\"480\" alt=\"\" \/>\n<\/a><\/div>\n<\/div>\n<\/div><div class=\"row\"><div class=\"col-xs-6 col-md-12\"><div class=\"img-item\"><a data-gallery=\"\" data-description=\"  \" href=\"https:\/\/clubcorvette.se\/malardalen\/wp-content\/uploads\/sites\/11\/2025\/09\/Corvette-klubbens-deltagande-i-Kungsrallyt-pa-Oland-2025-8-960x391.jpg\">\n<img loading=\"lazy\" decoding=\"async\" data-toggle=\"tooltip\" data-placement=\"bottom\" title=\"\" src=\"https:\/\/clubcorvette.se\/malardalen\/wp-content\/uploads\/sites\/11\/2025\/09\/Corvette-klubbens-deltagande-i-Kungsrallyt-pa-Oland-2025-8-960x391.jpg\" width=\"960\" height=\"391\" alt=\"\" \/>\n<\/a><\/div>\n<\/div>\n<\/div><div class=\"row\"><div class=\"col-xs-6 col-md-12\"><div class=\"img-item\"><a data-gallery=\"\" data-description=\"  \" href=\"https:\/\/clubcorvette.se\/malardalen\/wp-content\/uploads\/sites\/11\/2025\/09\/Corvette-klubbens-deltagande-i-Kungsrallyt-pa-Oland-2025-2-960x540.jpg\">\n<img loading=\"lazy\" decoding=\"async\" data-toggle=\"tooltip\" data-placement=\"bottom\" title=\"\" src=\"https:\/\/clubcorvette.se\/malardalen\/wp-content\/uploads\/sites\/11\/2025\/09\/Corvette-klubbens-deltagande-i-Kungsrallyt-pa-Oland-2025-2-960x540.jpg\" width=\"960\" height=\"540\" alt=\"\" \/>\n<\/a><\/div>\n<\/div>\n<\/div><div class=\"row\"><div class=\"col-xs-6 col-md-12\"><div class=\"img-item\"><a data-gallery=\"\" data-description=\"  \" href=\"https:\/\/clubcorvette.se\/malardalen\/wp-content\/uploads\/sites\/11\/2025\/09\/Corvette-klubbens-deltagande-i-Kungsrallyt-pa-Oland-2025-22-960x485.jpg\">\n<img loading=\"lazy\" decoding=\"async\" data-toggle=\"tooltip\" data-placement=\"bottom\" title=\"\" src=\"https:\/\/clubcorvette.se\/malardalen\/wp-content\/uploads\/sites\/11\/2025\/09\/Corvette-klubbens-deltagande-i-Kungsrallyt-pa-Oland-2025-22-960x485.jpg\" width=\"960\" height=\"485\" alt=\"\" \/>\n<\/a><\/div>\n<\/div>\n<\/div><div class=\"row\"><div class=\"col-xs-6 col-md-12\"><div class=\"img-item\"><a data-gallery=\"\" data-description=\" Carl XVI Gustaf och Drottning Silvia \" href=\"https:\/\/clubcorvette.se\/malardalen\/wp-content\/uploads\/sites\/11\/2025\/09\/Corvette-klubbens-deltagande-i-Kungsrallyt-pa-Oland-2025-12-763x640.jpg\">\n<img loading=\"lazy\" decoding=\"async\" data-toggle=\"tooltip\" data-placement=\"bottom\" title=\"Carl XVI Gustaf och Drottning Silvia\" src=\"https:\/\/clubcorvette.se\/malardalen\/wp-content\/uploads\/sites\/11\/2025\/09\/Corvette-klubbens-deltagande-i-Kungsrallyt-pa-Oland-2025-12-763x640.jpg\" width=\"763\" height=\"640\" alt=\"\" \/>\n<\/a><\/div>\n<\/div>\n<\/div><div class=\"row\"><div class=\"col-xs-6 col-md-12\"><div class=\"img-item\"><a data-gallery=\"\" data-description=\"  \" href=\"https:\/\/clubcorvette.se\/malardalen\/wp-content\/uploads\/sites\/11\/2025\/09\/Corvette-klubbens-deltagande-i-Kungsrallyt-pa-Oland-2025-17-960x540.jpg\">\n<img loading=\"lazy\" decoding=\"async\" data-toggle=\"tooltip\" data-placement=\"bottom\" title=\"\" src=\"https:\/\/clubcorvette.se\/malardalen\/wp-content\/uploads\/sites\/11\/2025\/09\/Corvette-klubbens-deltagande-i-Kungsrallyt-pa-Oland-2025-17-960x540.jpg\" width=\"960\" height=\"540\" alt=\"\" \/>\n<\/a><\/div>\n<\/div>\n<\/div><div class=\"row\"><div class=\"col-xs-6 col-md-12\"><div class=\"img-item\"><a data-gallery=\"\" data-description=\"  \" href=\"https:\/\/clubcorvette.se\/malardalen\/wp-content\/uploads\/sites\/11\/2025\/09\/Corvette-klubbens-deltagande-i-Kungsrallyt-pa-Oland-2025-15-960x540.jpg\">\n<img loading=\"lazy\" decoding=\"async\" data-toggle=\"tooltip\" data-placement=\"bottom\" title=\"\" src=\"https:\/\/clubcorvette.se\/malardalen\/wp-content\/uploads\/sites\/11\/2025\/09\/Corvette-klubbens-deltagande-i-Kungsrallyt-pa-Oland-2025-15-960x540.jpg\" width=\"960\" height=\"540\" alt=\"\" \/>\n<\/a><\/div>\n<\/div>\n<\/div><div class=\"row\"><div class=\"col-xs-6 col-md-12\"><div class=\"img-item\"><a data-gallery=\"\" data-description=\"  \" href=\"https:\/\/clubcorvette.se\/malardalen\/wp-content\/uploads\/sites\/11\/2025\/09\/Corvette-klubbens-deltagande-i-Kungsrallyt-pa-Oland-2025-9-960x540.jpg\">\n<img loading=\"lazy\" decoding=\"async\" data-toggle=\"tooltip\" data-placement=\"bottom\" title=\"\" src=\"https:\/\/clubcorvette.se\/malardalen\/wp-content\/uploads\/sites\/11\/2025\/09\/Corvette-klubbens-deltagande-i-Kungsrallyt-pa-Oland-2025-9-960x540.jpg\" width=\"960\" height=\"540\" alt=\"\" \/>\n<\/a><\/div>\n<\/div>\n<\/div><div class=\"row\"><div class=\"col-xs-6 col-md-12\"><div class=\"img-item\"><a data-gallery=\"\" data-description=\" Hasse Andersson, Kvinnab\u00f6ske \" href=\"https:\/\/clubcorvette.se\/malardalen\/wp-content\/uploads\/sites\/11\/2025\/09\/Corvette-klubbens-deltagande-i-Kungsrallyt-pa-Oland-2025-13-960x538.jpg\">\n<img loading=\"lazy\" decoding=\"async\" data-toggle=\"tooltip\" data-placement=\"bottom\" title=\"Hasse Andersson, Kvinnab\u00f6ske\" src=\"https:\/\/clubcorvette.se\/malardalen\/wp-content\/uploads\/sites\/11\/2025\/09\/Corvette-klubbens-deltagande-i-Kungsrallyt-pa-Oland-2025-13-960x538.jpg\" width=\"960\" height=\"538\" alt=\"\" \/>\n<\/a><\/div>\n<\/div>\n<\/div><div class=\"row\"><div class=\"col-xs-6 col-md-12\"><div class=\"img-item\"><a data-gallery=\"\" data-description=\"  \" href=\"https:\/\/clubcorvette.se\/malardalen\/wp-content\/uploads\/sites\/11\/2025\/09\/Corvette-klubbens-deltagande-i-Kungsrallyt-pa-Oland-2025-14-960x417.jpg\">\n<img loading=\"lazy\" decoding=\"async\" data-toggle=\"tooltip\" data-placement=\"bottom\" title=\"\" src=\"https:\/\/clubcorvette.se\/malardalen\/wp-content\/uploads\/sites\/11\/2025\/09\/Corvette-klubbens-deltagande-i-Kungsrallyt-pa-Oland-2025-14-960x417.jpg\" width=\"960\" height=\"417\" alt=\"\" \/>\n<\/a><\/div>\n<\/div>\n<\/div><div class=\"row\"><div class=\"col-xs-6 col-md-12\"><div class=\"img-item\"><a data-gallery=\"\" data-description=\"  \" href=\"https:\/\/clubcorvette.se\/malardalen\/wp-content\/uploads\/sites\/11\/2025\/09\/Corvette-klubbens-deltagande-i-Kungsrallyt-pa-Oland-2025-21-960x509.jpg\">\n<img loading=\"lazy\" decoding=\"async\" data-toggle=\"tooltip\" data-placement=\"bottom\" title=\"\" src=\"https:\/\/clubcorvette.se\/malardalen\/wp-content\/uploads\/sites\/11\/2025\/09\/Corvette-klubbens-deltagande-i-Kungsrallyt-pa-Oland-2025-21-960x509.jpg\" width=\"960\" height=\"509\" alt=\"\" \/>\n<\/a><\/div>\n<\/div>\n<\/div><div class=\"row\"><\/div>\n<\/div>\n\n<\/div>\n","protected":false},"excerpt":{"rendered":"<p>I mitten p\u00e5 augusti blev jag uppringd av Christer Woxberg, ordf\u00f6rande i Club Corvette Sweden, om jag vill representera klubbens 2500 medlemmar i Kungsrallyt p\u00e5 \u00d6land sista helgen i augusti 2025. Efter en kv\u00e4lls funderande s\u00e5 tackade Siw och jag givetvis ja till det hedrande uppdraget och erbjudandet. N\u00e4r den aktuella helgen kom b\u00f6rjade resan [&hellip;]<\/p>\n","protected":false},"author":9,"featured_media":5950,"comment_status":"open","ping_status":"closed","sticky":false,"template":"","format":"standard","meta":{"_acf_changed":false,"footnotes":""},"categories":[6],"tags":[418,419],"class_list":["post-5938","post","type-post","status-publish","format-standard","has-post-thumbnail","hentry","category-reportage","tag-kungsrallyt","tag-oland"],"acf":[],"_links":{"self":[{"href":"https:\/\/clubcorvette.se\/malardalen\/wp-json\/wp\/v2\/posts\/5938","targetHints":{"allow":["GET"]}}],"collection":[{"href":"https:\/\/clubcorvette.se\/malardalen\/wp-json\/wp\/v2\/posts"}],"about":[{"href":"https:\/\/clubcorvette.se\/malardalen\/wp-json\/wp\/v2\/types\/post"}],"author":[{"embeddable":true,"href":"https:\/\/clubcorvette.se\/malardalen\/wp-json\/wp\/v2\/users\/9"}],"replies":[{"embeddable":true,"href":"https:\/\/clubcorvette.se\/malardalen\/wp-json\/wp\/v2\/comments?post=5938"}],"version-history":[{"count":2,"href":"https:\/\/clubcorvette.se\/malardalen\/wp-json\/wp\/v2\/posts\/5938\/revisions"}],"predecessor-version":[{"id":5965,"href":"https:\/\/clubcorvette.se\/malardalen\/wp-json\/wp\/v2\/posts\/5938\/revisions\/5965"}],"wp:featuredmedia":[{"embeddable":true,"href":"https:\/\/clubcorvette.se\/malardalen\/wp-json\/wp\/v2\/media\/5950"}],"wp:attachment":[{"href":"https:\/\/clubcorvette.se\/malardalen\/wp-json\/wp\/v2\/media?parent=5938"}],"wp:term":[{"taxonomy":"category","embeddable":true,"href":"https:\/\/clubcorvette.se\/malardalen\/wp-json\/wp\/v2\/categories?post=5938"},{"taxonomy":"post_tag","embeddable":true,"href":"https:\/\/clubcorvette.se\/malardalen\/wp-json\/wp\/v2\/tags?post=5938"}],"curies":[{"name":"wp","href":"https:\/\/api.w.org\/{rel}","templated":true}]}}